{"id":4847,"date":"2012-01-11T14:52:13","date_gmt":"2012-01-11T20:52:13","guid":{"rendered":"http:\/\/elcronistadigital.com\/?p=4847"},"modified":"2012-01-11T14:54:16","modified_gmt":"2012-01-11T20:54:16","slug":"rabanes-graba-tema-con-bandas-nicas","status":"publish","type":"post","link":"https:\/\/elcronistadigital.com\/?p=4847","title":{"rendered":"Rabanes graba tema con bandas nicas"},"content":{"rendered":"<p>\u2022 Milly Majuc, Malos H\u00e1bitos, Myla Vox unen sus voces a Ingrid De Ycaza y Rabanes para crear Summertime, un tema para bailar en el verano. La grabaci\u00f3n de Summertime inici\u00f3 este martes en Managua y estar\u00e1 sonando en las radios y discotecas a partir del pr\u00f3ximo 12 de enero.<br \/>\nLos amantes de la m\u00fasica rock-fusi\u00f3n-ska podr\u00e1n bailar, cantar y gozar con Summertime, la nueva propuesta musical que la agrupaci\u00f3n paname\u00f1a Rabanes est\u00e1 grabando en Managua junto a las m\u00e1s reconocidas bandas de m\u00fasica nicarag\u00fcense.<br \/>\nSummertime es un remake de My Commanding Wife, un tema que Rabanes logr\u00f3 colocar en los primeros lugares de Latinoam\u00e9rica y Estados Unidos y que ha gozado de mucha popularidad entre los nicas.<br \/>\nEmilio Regueira, cantante y l\u00edder de la agrupaci\u00f3n Rabanes, coment\u00f3 que visita Nicaragua como parte de una gira latinoamericana para promover su tema Dando vueltas chin**\u00a0 a tu madre, en el que comparte cr\u00e9ditos con el artista paname\u00f1o Mr. Saik, lo que posibilit\u00f3 el encuentro con las agrupaciones musicales nicas.<br \/>\n\u201cRabanes est\u00e1 trabajando en muchos pa\u00edses con compa\u00f1\u00edas de promoci\u00f3n independientes, por lo que llegando ac\u00e1 me contact\u00e9 con amistades de otras bandas para saludarlas como siempre hago y de ah\u00ed sali\u00f3 la idea de hacer un tema fusionado pero con un sabor m\u00e1s nica, y le quisimos dar un toque de verano as\u00ed que en Summertime estamos Milly Majuc, Myla Vox, Malos H\u00e1bitos y mi amiga Ingrid De Ycaza, as\u00ed que es un compilado muy ch\u00e9vere\u201d, expres\u00f3 Regueira, quien junto a Christian Torres y Javier Saavedra forman la banda.<br \/>\nRabanes inici\u00f3 como una banda de rock en Chitr\u00e9, Panam\u00e1 en el a\u00f1o 1992, con la idea de tocar en peque\u00f1os pubs y bares los fines de semana. A pasos agigantados evolucionaron hasta convertirse en una banda de rock-fusion-ska ganadora del Grammy Latino como mejor disco de rock, d\u00fao o banda musical en 2007, con siete \u00e1lbumes, cinco Discos de Oro en ventas, m\u00e1s de un mill\u00f3n de copias, adem\u00e1s de cinco nominaciones al Grammy Latino, una nominaci\u00f3n al Grammy Americano y m\u00faltiples nominaciones al Premio Lo Nuestro.<br \/>\n\u201cPara nosotros es un placer estar en Nicaragua, hemos estado m\u00e1s de 10 veces en escenarios nicas, hemos tocado en Le\u00f3n, Managua, San Juan del Sur y hemos participado en muchos festivales, de ah\u00ed viene la conexi\u00f3n con Nicaragua. Estar con los nicas siempre ha sido algo electrizante, adrenalina pura, una cosa explosiva en cada concierto\u201d, agreg\u00f3 Regueira.<\/p>\n<p>Las bandas nicas<\/p>\n<p>Milly Majuc es una de las bandas nicas que participan en Summertime. Esta agrupaci\u00f3n la integran cinco j\u00f3venes que se iniciaron en la m\u00fasica a trav\u00e9s de la banda musical del colegio Salesiano de Masaya. Se trata de Emilio Caldera y los hermanos Leslie y Carlos S\u00e1nchez, quienes aseguran que el nombre Milly Majuc no corresponde a un significado especial y que se trata de\u00a0 las iniciales de los miembros del grupo mezcladas en forma creativa. Esta banda ha grabado seis sencillos y tiene en el horno su primer disco que lleva por t\u00edtulo Surge.<br \/>\nTambi\u00e9n participa en el tema la agrupaci\u00f3n de g\u00e9nero urbano Myla Vox, compuesta por Carlos Yamir Castillo, Franklin Medrano y Keneth Sequeira, quienes tambi\u00e9n jugaron con las iniciales de los nombres de cada uno de los integrantes para dar nombre al grupo, uniendo la palabra \u201cVox\u201d, que en lat\u00edn significa \u201cvoz\u201d. Ellos bajo la direcci\u00f3n del artista Gabriel Traversari, han logrado colocar sus temas en emisoras locales e internacionales.<br \/>\nMalos H\u00e1bitos, banda de rock que se abri\u00f3 paso en los escenarios, tambi\u00e9n unir\u00e1 su talento a Summertime. Esta banda se ha ganado el reconocimiento en los escenarios nacionales y ha logrado presentarse junto a artistas internacionales como Enanitos Verdes, Caf\u00e9 Tacvba, Juanes, El Tri, Jaguares y Miguel Mateos. El disco Algo Elemental (2007), los coloc\u00f3 en los primeros lugares de las emisoras locales y les gan\u00f3 la simpat\u00eda del p\u00fablico nicarag\u00fcense.<a rel=\"attachment wp-att-4848\" href=\"https:\/\/elcronistadigital.com\/?attachment_id=4848\"><a rel=\"attachment wp-att-4852\" href=\"https:\/\/elcronistadigital.com\/?attachment_id=4852\"><img loading=\"lazy\" decoding=\"async\" class=\"alignleft size-medium wp-image-4852\" title=\"Rabanes\" src=\"https:\/\/elcronistadigital.com\/wp-content\/uploads\/2012\/01\/Rabanes1-300x224.jpg\" alt=\"\" width=\"300\" height=\"224\" srcset=\"https:\/\/elcronistadigital.com\/wp-content\/uploads\/2012\/01\/Rabanes1-300x224.jpg 300w, https:\/\/elcronistadigital.com\/wp-content\/uploads\/2012\/01\/Rabanes1-342x256.jpg 342w, https:\/\/elcronistadigital.com\/wp-content\/uploads\/2012\/01\/Rabanes1-60x45.jpg 60w, https:\/\/elcronistadigital.com\/wp-content\/uploads\/2012\/01\/Rabanes1-150x113.jpg 150w, https:\/\/elcronistadigital.com\/wp-content\/uploads\/2012\/01\/Rabanes1-269x201.jpg 269w, https:\/\/elcronistadigital.com\/wp-content\/uploads\/2012\/01\/Rabanes1.jpg 448w\" sizes=\"auto, (max-width: 300px) 100vw, 300px\" \/><\/a><\/a><br \/>\nIngrid De Ycaza, cantante, compositora y actriz paname\u00f1a, quien actualmente se encuentra en Nicaragua, unir\u00e1 su voz a Rabanes y las bandas nicas. Ingrid tiene la habilidad de interpretar pop, balada, r&amp;b o rock, hasta los g\u00e9neros country, jazz, bolero y hasta m\u00fasica electr\u00f3nica.<\/p>\n<p>Ha compartido escenario con Ra\u00fal Di Blasio, Luis Enrique, Melina Le\u00f3n, y el ex-integrante de la agrupaci\u00f3n Son by Four, Angel L\u00f3pez. Recientemente se dio a conocer en territorio nicarag\u00fcense con su \u00faltimo sencillo \u201cBienvenida a mi vida\u201d y a duo con la agrupaci\u00f3n MylaVox y su tema \u201cVolver a verte\u201d.<\/p>\n","protected":false},"excerpt":{"rendered":"<p>\u2022 Milly Majuc, Malos H\u00e1bitos, Myla Vox unen sus voces a Ingrid De Ycaza y Rabanes para crear Summertime, un tema para bailar en el verano. La grabaci\u00f3n de Summertime inici\u00f3 este martes en Managua y estar\u00e1 sonando en las radios y discotecas a partir del pr\u00f3ximo 12 de enero. Los amantes de la m\u00fasica [&hellip;]<\/p>\n","protected":false},"author":1,"featured_media":4852,"comment_status":"open","ping_status":"open","sticky":false,"template":"","format":"standard","meta":{"om_disable_all_campaigns":false,"_monsterinsights_skip_tracking":false,"_monsterinsights_sitenote_active":false,"_monsterinsights_sitenote_note":"","_monsterinsights_sitenote_category":0,"footnotes":""},"categories":[3,13],"tags":[],"class_list":["post-4847","post","type-post","status-publish","format-standard","has-post-thumbnail","hentry","category-nacionales","category-portada"],"aioseo_notices":[],"_links":{"self":[{"href":"https:\/\/elcronistadigital.com\/index.php?rest_route=\/wp\/v2\/posts\/4847","targetHints":{"allow":["GET"]}}],"collection":[{"href":"https:\/\/elcronistadigital.com\/index.php?rest_route=\/wp\/v2\/posts"}],"about":[{"href":"https:\/\/elcronistadigital.com\/index.php?rest_route=\/wp\/v2\/types\/post"}],"author":[{"embeddable":true,"href":"https:\/\/elcronistadigital.com\/index.php?rest_route=\/wp\/v2\/users\/1"}],"replies":[{"embeddable":true,"href":"https:\/\/elcronistadigital.com\/index.php?rest_route=%2Fwp%2Fv2%2Fcomments&post=4847"}],"version-history":[{"count":5,"href":"https:\/\/elcronistadigital.com\/index.php?rest_route=\/wp\/v2\/posts\/4847\/revisions"}],"predecessor-version":[{"id":4851,"href":"https:\/\/elcronistadigital.com\/index.php?rest_route=\/wp\/v2\/posts\/4847\/revisions\/4851"}],"wp:featuredmedia":[{"embeddable":true,"href":"https:\/\/elcronistadigital.com\/index.php?rest_route=\/wp\/v2\/media\/4852"}],"wp:attachment":[{"href":"https:\/\/elcronistadigital.com\/index.php?rest_route=%2Fwp%2Fv2%2Fmedia&parent=4847"}],"wp:term":[{"taxonomy":"category","embeddable":true,"href":"https:\/\/elcronistadigital.com\/index.php?rest_route=%2Fwp%2Fv2%2Fcategories&post=4847"},{"taxonomy":"post_tag","embeddable":true,"href":"https:\/\/elcronistadigital.com\/index.php?rest_route=%2Fwp%2Fv2%2Ftags&post=4847"}],"curies":[{"name":"wp","href":"https:\/\/api.w.org\/{rel}","templated":true}]}}