{"id":4880,"date":"2012-01-18T20:48:22","date_gmt":"2012-01-19T02:48:22","guid":{"rendered":"http:\/\/elcronistadigital.com\/?p=4880"},"modified":"2012-01-18T20:48:22","modified_gmt":"2012-01-19T02:48:22","slug":"pastora-considera-al-rio-san-juan-%e2%80%9cfuturo-foco-de-violencia","status":"publish","type":"post","link":"https:\/\/elcronistadigital.com\/?p=4880","title":{"rendered":"Pastora considera al r\u00edo San Juan \u201cfuturo foco de violencia\u00bb"},"content":{"rendered":"<p><strong><a rel=\"attachment wp-att-4881\" href=\"https:\/\/elcronistadigital.com\/?attachment_id=4881\"><img loading=\"lazy\" decoding=\"async\" class=\"alignleft size-medium wp-image-4881\" title=\"NICARAGUA-POLITICS-PASTORA\" src=\"https:\/\/elcronistadigital.com\/wp-content\/uploads\/2012\/01\/eden-pastora-300x199.jpg\" alt=\"\" width=\"300\" height=\"199\" srcset=\"https:\/\/elcronistadigital.com\/wp-content\/uploads\/2012\/01\/eden-pastora-300x199.jpg 300w, https:\/\/elcronistadigital.com\/wp-content\/uploads\/2012\/01\/eden-pastora-342x227.jpg 342w, https:\/\/elcronistadigital.com\/wp-content\/uploads\/2012\/01\/eden-pastora.jpg 610w\" sizes=\"auto, (max-width: 300px) 100vw, 300px\" \/><\/a><\/strong><\/p>\n<p><strong> <\/strong><\/p>\n<p><strong> <\/strong><\/p>\n<p>El responsable nicarag\u00fcense de dragar el lim\u00edtrofe r\u00edo San Juan, consider\u00f3 que la carretera que Costa Rica construye en la margen que le corresponde del torrente puede generar conflictos binacionales.<\/p>\n<p>Ed\u00e9n Pastora, quien dirigi\u00f3 hace unos meses las obras nicarag\u00fcenses de dragado en el cauce del San Juan que Costa Rica denunci\u00f3 por considerar que estaban siendo desarrollados en su propio territorio, lo cual caus\u00f3 tensiones en la frontera, expres\u00f3 el mi\u00e9rcoles que \u00abojal\u00e1 que los presidentes centroamericanos hablen con (su colega costarricense Laura) Chinchilla y paren ese futuro foco de violencia entre Nicaragua y Costa Rica\u00bb, refiri\u00e9ndose al proyecto vial, seg\u00fan declaraciones transmitidas por el canal 15.<\/p>\n<p>La Corte Centroamericana de Justicia (CCJ) mand\u00f3 el martes a detener las obras de 160 kil\u00f3metros, en precauci\u00f3n de los da\u00f1os ambientales que pueden ocasionar y recomend\u00f3 a ambos gobiernos dialogar \u00abpara garantizar la protecci\u00f3n de los recursos naturales de la zona y las \u00e1reas protegidas\u00bb.<\/p>\n<p><strong>Pide elaboraci\u00f3n de informe sobre posibles da\u00f1os<\/strong><\/p>\n<p>Tambi\u00e9n pidi\u00f3 a la Comisi\u00f3n Centroamericana de Ambiente y Desarrollo elaborar en un plazo de 10 d\u00edas un informe t\u00e9cnico sobre las consecuencias y da\u00f1os que la carretera puede ocasionar el medio ambiente general y la cuenca hidrogr\u00e1fica del r\u00edo.<\/p>\n<p>Costa Rica desconoce la autoridad de la Corte Centroamericana, cuyo presidente, el hondure\u00f1o Dar\u00edo Lobo, sostiene que las resoluciones de la Corte son de ineludible cumplimiento porque Costa Rica es signatario de un tratado de la Organizaci\u00f3n de Estados Americanos (ODECA) que la constituy\u00f3.<\/p>\n<p>Pastora, un ex guerrillero nicarag\u00fcense, dijo que habr\u00e1 \u00abda\u00f1os ambientales a mediano plazo y en el futuro cuando los costarricenses instalen estaciones gasolineras, hoteles, desarrollo tur\u00edstico y una poblaci\u00f3n incontrolada\u00bb como producto de la v\u00eda construida por el gobierno del vecino pa\u00eds.<\/p>\n<p>Toda la margen del r\u00edo en el lado nicarag\u00fcense forma parte de la reserva natural Indio Ma\u00edz, rica en flora y fauna.<\/p>\n<p>&nbsp;<\/p>\n","protected":false},"excerpt":{"rendered":"<p>El responsable nicarag\u00fcense de dragar el lim\u00edtrofe r\u00edo San Juan, consider\u00f3 que la carretera que Costa Rica construye en la margen que le corresponde del torrente puede generar conflictos binacionales. Ed\u00e9n Pastora, quien dirigi\u00f3 hace unos meses las obras nicarag\u00fcenses de dragado en el cauce del San Juan que Costa Rica denunci\u00f3 por considerar que [&hellip;]<\/p>\n","protected":false},"author":1,"featured_media":0,"comment_status":"open","ping_status":"open","sticky":false,"template":"","format":"standard","meta":{"om_disable_all_campaigns":false,"_monsterinsights_skip_tracking":false,"_monsterinsights_sitenote_active":false,"_monsterinsights_sitenote_note":"","_monsterinsights_sitenote_category":0,"footnotes":""},"categories":[3],"tags":[],"class_list":["post-4880","post","type-post","status-publish","format-standard","hentry","category-nacionales"],"aioseo_notices":[],"_links":{"self":[{"href":"https:\/\/elcronistadigital.com\/index.php?rest_route=\/wp\/v2\/posts\/4880","targetHints":{"allow":["GET"]}}],"collection":[{"href":"https:\/\/elcronistadigital.com\/index.php?rest_route=\/wp\/v2\/posts"}],"about":[{"href":"https:\/\/elcronistadigital.com\/index.php?rest_route=\/wp\/v2\/types\/post"}],"author":[{"embeddable":true,"href":"https:\/\/elcronistadigital.com\/index.php?rest_route=\/wp\/v2\/users\/1"}],"replies":[{"embeddable":true,"href":"https:\/\/elcronistadigital.com\/index.php?rest_route=%2Fwp%2Fv2%2Fcomments&post=4880"}],"version-history":[{"count":2,"href":"https:\/\/elcronistadigital.com\/index.php?rest_route=\/wp\/v2\/posts\/4880\/revisions"}],"predecessor-version":[{"id":4884,"href":"https:\/\/elcronistadigital.com\/index.php?rest_route=\/wp\/v2\/posts\/4880\/revisions\/4884"}],"wp:attachment":[{"href":"https:\/\/elcronistadigital.com\/index.php?rest_route=%2Fwp%2Fv2%2Fmedia&parent=4880"}],"wp:term":[{"taxonomy":"category","embeddable":true,"href":"https:\/\/elcronistadigital.com\/index.php?rest_route=%2Fwp%2Fv2%2Fcategories&post=4880"},{"taxonomy":"post_tag","embeddable":true,"href":"https:\/\/elcronistadigital.com\/index.php?rest_route=%2Fwp%2Fv2%2Ftags&post=4880"}],"curies":[{"name":"wp","href":"https:\/\/api.w.org\/{rel}","templated":true}]}}