{"id":48884,"date":"2018-05-28T10:02:27","date_gmt":"2018-05-28T16:02:27","guid":{"rendered":"http:\/\/elcronistadigital.com\/?p=48884"},"modified":"2018-05-28T10:02:27","modified_gmt":"2018-05-28T16:02:27","slug":"academias-de-la-lengua-espanola-recopilan-25-000-dichos-y-frases-hechas","status":"publish","type":"post","link":"https:\/\/elcronistadigital.com\/?p=48884","title":{"rendered":"Academias de la lengua espa\u00f1ola recopilan 25.000 dichos y frases hechas"},"content":{"rendered":"<p><a href=\"https:\/\/elcronistadigital.com\/wp-content\/uploads\/2018\/05\/dicho.jpg\"><img loading=\"lazy\" decoding=\"async\" class=\"alignleft size-full wp-image-48885\" alt=\"dicho\" src=\"https:\/\/elcronistadigital.com\/wp-content\/uploads\/2018\/05\/dicho.jpg\" width=\"318\" height=\"176\" srcset=\"https:\/\/elcronistadigital.com\/wp-content\/uploads\/2018\/05\/dicho.jpg 318w, https:\/\/elcronistadigital.com\/wp-content\/uploads\/2018\/05\/dicho-300x166.jpg 300w\" sizes=\"auto, (max-width: 318px) 100vw, 318px\" \/><\/a>Santa Cruz de Tenerife<\/p>\n<p>La Asociaci\u00f3n de Academias de la Lengua Espa\u00f1ola se re\u00fane esta semana en Tenerife para redactar el manual a partir del cual se elaborar\u00e1 el \u00abDiccionario fraseol\u00f3gico panhisp\u00e1nico\u00bb, una recopilaci\u00f3n de las 20.000 o 25.000 frases hechas y modismos m\u00e1s comunes entre los hispanohablantes de todo el mundo.<\/p>\n<p>Veintitr\u00e9s academias de la lengua componen esta asociaci\u00f3n, presidida por el director de la Real Academia Espa\u00f1ola, Dar\u00edo Villanueva, y ocho de sus representantes asisten a la primera reuni\u00f3n de la Comisi\u00f3n Interacad\u00e9mica que dirige los trabajos para este diccionario.<\/p>\n<p>\u00abEl espa\u00f1ol es una lengua llena de frases hechas que reflejan ingenio e iron\u00eda, que enriquecen mucho el idioma\u00bb, y el hecho de elegir Canarias como base de estos trabajos tiene que ver con su papel hist\u00f3rico en la expansi\u00f3n del castellano como lengua global a partir de 1492, coment\u00f3 antes del encuentro Dar\u00edo Villanueva, quien agradeci\u00f3 el apoyo del Cabildo de Tenerife y de la Universidad de La Laguna para desarrollar estas reuniones.<\/p>\n<p>En octubre de 2017, se reuni\u00f3 en La Laguna el Consejo Cient\u00edfico de este nuevo diccionario, al que sigue ahora el encuentro de la Comisi\u00f3n Interacad\u00e9mica que elaborar\u00e1 la programaci\u00f3n a la que se ajustar\u00e1 el trabajo que seguir\u00e1 cada academia en sus respectivos pa\u00edses.<\/p>\n<p>\u00abEsta semana vamos a tener en nuestro poder la planta del diccionario, la estructura, el dise\u00f1o y la metodolog\u00eda para hacerlo\u00bb, dijo Villanueva.<\/p>\n<p>A esta sesi\u00f3n asisten representantes de ocho de las 23 academias que integran la Asociaci\u00f3n, seleccionadas por \u00e1reas geogr\u00e1ficas: Uruguay, Bolivia, Nicaragua, Venezuela, Chile, M\u00e9xico, Estados Unidos y Espa\u00f1a.<\/p>\n<p>\u00abLa tarea es ingente, pero avanzamos al ritmo esperado\u00bb, explic\u00f3 Dar\u00edo Villanueva, quien no quiso adelantar una fecha sobre cu\u00e1ndo estar\u00e1 listo el diccionario ni cu\u00e1ntas frases hechas o modismos incorporar\u00e1, aunque calcul\u00f3 que 20.000 o 25.000 ser\u00eda \u00abun n\u00famero perfectamente razonable\u00bb.<\/p>\n<p>Aunque \u00abpor suerte\u00bb los diccionarios digitales no tienen las limitaciones de espacio que tienen los diccionarios cl\u00e1sicos, \u00abhabr\u00e1 que aplicar un criterio doble de selecci\u00f3n\u00bb, com\u00fan a otros diccionarios, como son la frecuencia y la dispersi\u00f3n del uso.<\/p>\n<p>\u00abCada mochuelo a su olivo\u00bb o \u00aba trancas y barrancas\u00bb son frases hechas que entiende todo el mundo, cit\u00f3 como ejemplos Dar\u00edo Villanueva, acompa\u00f1ado por el presidente del Cabildo de Tenerife, Carlos Alonso, quien aport\u00f3 un dicho para indicar que ya es tiempo de ponerse a trabajar: \u00abPara la hora que es, no es tarde\u00bb<\/p>\n<p>En el \u00abDiccionario fraseol\u00f3gico panhisp\u00e1nico\u00bb se incluir\u00e1n modismos frecuentemente usados y \u00abcon una dispersi\u00f3n geogr\u00e1fica suficiente, que no sea absolutamente local\u00bb, explic\u00f3 el acad\u00e9mico.<\/p>\n<p>Las frases, como en cualquier diccionario, se ordenar\u00e1n por orden alfab\u00e9tico, aunque en cada una habr\u00e1 palabras clave en torno a las cuales se pueden agrupar los dichos que la contengan.<\/p>\n<p>El director de la RAE apunt\u00f3 que en la fraseolog\u00eda del espa\u00f1ol hay much\u00edsimas coincidencias, pero tambi\u00e9n modismos de una zona, un pa\u00eds o una parte de un pa\u00eds, y \u00abel diccionario pretende recoger toda esa riqueza enorme\u00bb.<\/p>\n<p>El caso de Canarias es especial, porque en la historia del espa\u00f1ol ha habido dos momentos hist\u00f3ricos fundamentales: uno es su nacimiento en tierras de Castilla y La Rioja y el segundo es su expansi\u00f3n global a partir de 1492, con el archipi\u00e9lago \u00abcomo avanzadilla; nuestra punta de lanza\u00bb.<\/p>\n","protected":false},"excerpt":{"rendered":"<p>Santa Cruz de Tenerife La Asociaci\u00f3n de Academias de la Lengua Espa\u00f1ola se re\u00fane esta semana en Tenerife para redactar el manual a partir del cual se elaborar\u00e1 el \u00abDiccionario fraseol\u00f3gico panhisp\u00e1nico\u00bb, una recopilaci\u00f3n de las 20.000 o 25.000 frases hechas y modismos m\u00e1s comunes entre los hispanohablantes de todo el mundo. Veintitr\u00e9s academias de [&hellip;]<\/p>\n","protected":false},"author":1,"featured_media":48885,"comment_status":"open","ping_status":"open","sticky":false,"template":"","format":"standard","meta":{"om_disable_all_campaigns":false,"_monsterinsights_skip_tracking":false,"_monsterinsights_sitenote_active":false,"_monsterinsights_sitenote_note":"","_monsterinsights_sitenote_category":0,"footnotes":""},"categories":[10,3524],"tags":[],"class_list":["post-48884","post","type-post","status-publish","format-standard","has-post-thumbnail","hentry","category-cultura","category-noticas"],"aioseo_notices":[],"_links":{"self":[{"href":"https:\/\/elcronistadigital.com\/index.php?rest_route=\/wp\/v2\/posts\/48884","targetHints":{"allow":["GET"]}}],"collection":[{"href":"https:\/\/elcronistadigital.com\/index.php?rest_route=\/wp\/v2\/posts"}],"about":[{"href":"https:\/\/elcronistadigital.com\/index.php?rest_route=\/wp\/v2\/types\/post"}],"author":[{"embeddable":true,"href":"https:\/\/elcronistadigital.com\/index.php?rest_route=\/wp\/v2\/users\/1"}],"replies":[{"embeddable":true,"href":"https:\/\/elcronistadigital.com\/index.php?rest_route=%2Fwp%2Fv2%2Fcomments&post=48884"}],"version-history":[{"count":1,"href":"https:\/\/elcronistadigital.com\/index.php?rest_route=\/wp\/v2\/posts\/48884\/revisions"}],"predecessor-version":[{"id":48886,"href":"https:\/\/elcronistadigital.com\/index.php?rest_route=\/wp\/v2\/posts\/48884\/revisions\/48886"}],"wp:featuredmedia":[{"embeddable":true,"href":"https:\/\/elcronistadigital.com\/index.php?rest_route=\/wp\/v2\/media\/48885"}],"wp:attachment":[{"href":"https:\/\/elcronistadigital.com\/index.php?rest_route=%2Fwp%2Fv2%2Fmedia&parent=48884"}],"wp:term":[{"taxonomy":"category","embeddable":true,"href":"https:\/\/elcronistadigital.com\/index.php?rest_route=%2Fwp%2Fv2%2Fcategories&post=48884"},{"taxonomy":"post_tag","embeddable":true,"href":"https:\/\/elcronistadigital.com\/index.php?rest_route=%2Fwp%2Fv2%2Ftags&post=48884"}],"curies":[{"name":"wp","href":"https:\/\/api.w.org\/{rel}","templated":true}]}}