{"id":4919,"date":"2012-01-20T17:11:42","date_gmt":"2012-01-20T23:11:42","guid":{"rendered":"http:\/\/elcronistadigital.com\/?p=4919"},"modified":"2012-01-20T17:11:42","modified_gmt":"2012-01-20T23:11:42","slug":"legislador-japones-aboga-por-unidad-entre-nicaragua-y-costa-rica","status":"publish","type":"post","link":"https:\/\/elcronistadigital.com\/?p=4919","title":{"rendered":"Legislador japon\u00e9s aboga por unidad entre Nicaragua y Costa Rica"},"content":{"rendered":"<div id=\"attachment_4920\" style=\"width: 310px\" class=\"wp-caption alignleft\"><a rel=\"attachment wp-att-4920\" href=\"https:\/\/elcronistadigital.com\/?attachment_id=4920\"><img loading=\"lazy\" decoding=\"async\" aria-describedby=\"caption-attachment-4920\" class=\"size-medium wp-image-4920\" title=\"amp-daniel-ortega-y-yasutoshi-nishimura\" src=\"https:\/\/elcronistadigital.com\/wp-content\/uploads\/2012\/01\/amp-daniel-ortega-y-yasutoshi-nishimura-300x231.jpg\" alt=\"\" width=\"300\" height=\"231\" srcset=\"https:\/\/elcronistadigital.com\/wp-content\/uploads\/2012\/01\/amp-daniel-ortega-y-yasutoshi-nishimura-300x231.jpg 300w, https:\/\/elcronistadigital.com\/wp-content\/uploads\/2012\/01\/amp-daniel-ortega-y-yasutoshi-nishimura-342x263.jpg 342w, https:\/\/elcronistadigital.com\/wp-content\/uploads\/2012\/01\/amp-daniel-ortega-y-yasutoshi-nishimura-60x45.jpg 60w, https:\/\/elcronistadigital.com\/wp-content\/uploads\/2012\/01\/amp-daniel-ortega-y-yasutoshi-nishimura.jpg 380w\" sizes=\"auto, (max-width: 300px) 100vw, 300px\" \/><\/a><p id=\"caption-attachment-4920\" class=\"wp-caption-text\">Daniel Ortega y el legislador japon\u00e9s Yasutoshi Nishimura.<\/p><\/div>\n<p>Un legislador de Jap\u00f3n expres\u00f3 este viernes su esperanza de que la construcci\u00f3n de un puente financiado por Tokio sobre el r\u00edo San Juan sirva para acercar tambi\u00e9n a Nicaragua con Costa Rica, actualmente enfrentados por disputas lim\u00edtrofes, seg\u00fan public\u00f3 la agencia Efe.<\/p>\n<p>El presidente en el Parlamento de Jap\u00f3n del grupo de amistad con Nicaragua, Yasutoshi Nishimura, pidi\u00f3 en Managua que el Puente Santa Fe, valorado en 30 millones de d\u00f3lares, ayude a unificar la regi\u00f3n.<\/p>\n<p>\u00abEspero que (el puente) sirva para la reunificaci\u00f3n y la paz de Centroam\u00e9rica\u00bb, declar\u00f3 a Efe Yasutoshi Nishimura, tras reunirse con el canciller nicarag\u00fcense, Samuel Santos.<\/p>\n<p>Seg\u00fan las autoridades locales, el puente Santa Fe, que unir\u00e1 los poblados nicarag\u00fcenses a ambas orillas del r\u00edo San Juan cerca a su nacimiento en el lago de Nicaragua, estar\u00e1 concluido en 2014, con 40 metros de altura en su sector central, 420 metros de longitud y podr\u00e1 soportar hasta 20 toneladas de peso.<\/p>\n<p>Adem\u00e1s, conectar\u00e1 con la carretera Acoyapa-San Carlos y estar\u00e1 a cinco kil\u00f3metros al norte del poblado costarricense de Las Tablillas, donde existen puestos fronterizos a ambos lados y una carretera asfaltada del lado de Costa Rica.<\/p>\n<p>Las dos naciones centroamericanas recrudecieron sus tensiones luego de que Nicaragua acusara a Costa Rica de provocar da\u00f1os ambientales al r\u00edo San Juan, en el tramo en que se convierte en l\u00edmite fronterizo, con la construcci\u00f3n de una carretera paralela de 120 kil\u00f3metros.<\/p>\n<p>Costa Rica rechaza la versi\u00f3n de Nicaragua y tambi\u00e9n desconoce a la Corte Centroamericana de Justicia (CCJ), que, a petici\u00f3n de organismos ambientalistas nicarag\u00fcenses, orden\u00f3 suspender la construcci\u00f3n de la carretera en territorio costarricense.<\/p>\n<p>Nicaragua tambi\u00e9n demand\u00f3 el pasado 23 de diciembre a Costa Rica ante la Corte Internacional de Justicia (CIJ), con sede en la Haya, Holanda, por \u00abviolaci\u00f3n\u00bb de su soberan\u00eda en la zona fronteriza com\u00fan del r\u00edo San Juan.<\/p>\n<p>Las tensiones se desataron en 2010 cuando Costa Rica llev\u00f3 a Nicaragua a la CIJ por la invasi\u00f3n de parte de su territorio en el sector Caribe, conocido como isla Calero, que los nicarag\u00fcenses consideran bajo su soberan\u00eda, por lo que el alto tribunal de la ONU orden\u00f3 el retiro de cualquier clase de tropas o civiles de ambos pa\u00edses mientras se resuelve el caso.<\/p>\n","protected":false},"excerpt":{"rendered":"<p>Un legislador de Jap\u00f3n expres\u00f3 este viernes su esperanza de que la construcci\u00f3n de un puente financiado por Tokio sobre el r\u00edo San Juan sirva para acercar tambi\u00e9n a Nicaragua con Costa Rica, actualmente enfrentados por disputas lim\u00edtrofes, seg\u00fan public\u00f3 la agencia Efe. El presidente en el Parlamento de Jap\u00f3n del grupo de amistad con [&hellip;]<\/p>\n","protected":false},"author":1,"featured_media":4920,"comment_status":"open","ping_status":"open","sticky":false,"template":"","format":"standard","meta":{"om_disable_all_campaigns":false,"_monsterinsights_skip_tracking":false,"_monsterinsights_sitenote_active":false,"_monsterinsights_sitenote_note":"","_monsterinsights_sitenote_category":0,"footnotes":""},"categories":[3],"tags":[],"class_list":["post-4919","post","type-post","status-publish","format-standard","has-post-thumbnail","hentry","category-nacionales"],"aioseo_notices":[],"_links":{"self":[{"href":"https:\/\/elcronistadigital.com\/index.php?rest_route=\/wp\/v2\/posts\/4919","targetHints":{"allow":["GET"]}}],"collection":[{"href":"https:\/\/elcronistadigital.com\/index.php?rest_route=\/wp\/v2\/posts"}],"about":[{"href":"https:\/\/elcronistadigital.com\/index.php?rest_route=\/wp\/v2\/types\/post"}],"author":[{"embeddable":true,"href":"https:\/\/elcronistadigital.com\/index.php?rest_route=\/wp\/v2\/users\/1"}],"replies":[{"embeddable":true,"href":"https:\/\/elcronistadigital.com\/index.php?rest_route=%2Fwp%2Fv2%2Fcomments&post=4919"}],"version-history":[{"count":3,"href":"https:\/\/elcronistadigital.com\/index.php?rest_route=\/wp\/v2\/posts\/4919\/revisions"}],"predecessor-version":[{"id":4923,"href":"https:\/\/elcronistadigital.com\/index.php?rest_route=\/wp\/v2\/posts\/4919\/revisions\/4923"}],"wp:featuredmedia":[{"embeddable":true,"href":"https:\/\/elcronistadigital.com\/index.php?rest_route=\/wp\/v2\/media\/4920"}],"wp:attachment":[{"href":"https:\/\/elcronistadigital.com\/index.php?rest_route=%2Fwp%2Fv2%2Fmedia&parent=4919"}],"wp:term":[{"taxonomy":"category","embeddable":true,"href":"https:\/\/elcronistadigital.com\/index.php?rest_route=%2Fwp%2Fv2%2Fcategories&post=4919"},{"taxonomy":"post_tag","embeddable":true,"href":"https:\/\/elcronistadigital.com\/index.php?rest_route=%2Fwp%2Fv2%2Ftags&post=4919"}],"curies":[{"name":"wp","href":"https:\/\/api.w.org\/{rel}","templated":true}]}}