{"id":49238,"date":"2018-09-24T09:47:46","date_gmt":"2018-09-24T15:47:46","guid":{"rendered":"http:\/\/elcronistadigital.com\/?p=49238"},"modified":"2018-09-24T09:47:46","modified_gmt":"2018-09-24T15:47:46","slug":"cueva-de-altamira-descubierta-por-nina-de-8-anos","status":"publish","type":"post","link":"https:\/\/elcronistadigital.com\/?p=49238","title":{"rendered":"Cueva de Altamira descubierta por ni\u00f1a de 8 a\u00f1os"},"content":{"rendered":"<p><a href=\"https:\/\/elcronistadigital.com\/wp-content\/uploads\/2018\/09\/Cueva-Altamira.jpg\"><img loading=\"lazy\" decoding=\"async\" class=\"alignleft size-full wp-image-49239\" alt=\"Cueva Altamira\" src=\"https:\/\/elcronistadigital.com\/wp-content\/uploads\/2018\/09\/Cueva-Altamira.jpg\" width=\"400\" height=\"221\" srcset=\"https:\/\/elcronistadigital.com\/wp-content\/uploads\/2018\/09\/Cueva-Altamira.jpg 400w, https:\/\/elcronistadigital.com\/wp-content\/uploads\/2018\/09\/Cueva-Altamira-300x165.jpg 300w, https:\/\/elcronistadigital.com\/wp-content\/uploads\/2018\/09\/Cueva-Altamira-342x188.jpg 342w\" sizes=\"auto, (max-width: 400px) 100vw, 400px\" \/><\/a>El Peri\u00f3dico<\/p>\n<p>La cueva de Altamira (Cantabria, Espa\u00f1a) inspira este 24 de septiembre un &#8216;doodle&#8217; de Google con motivo del 139 aniversario del descubrimiento en 1879 de sus impresionantes pinturas, consideradas la obra cumbre del arte paleol\u00edtico.<\/p>\n<p>El descubrimiento de la gruta se remonta a unos a\u00f1os atr\u00e1s, concretamente a 1868. Fue entonces, seg\u00fan detalla la Wikipedia, cuando el tejero asturiano Modesto Cubillas dio con la entrada a la cueva mientras trataba de liberar a su perro de caza, que se hab\u00eda quedado atrapado entre las grietas de unas rocas.<\/p>\n<p>Entonces el hallazgo pas\u00f3 desapercibido (en la zona, de terreno k\u00e1rstico, hay miles de grutas), pero Cubillas se lo comunic\u00f3 a Marcelino Sanz de Sautuola, potentado local y aficionado a la paleontolog\u00eda.<\/p>\n<p>Sanz de Sautuola visit\u00f3 la cueva a\u00f1os despu\u00e9s, en 1875, pero no observ\u00f3 nada destacable. En una segunda visita en 1879 fue acompa\u00f1ado por su hija Mar\u00eda, quien mientras su padre exploraba la gruta se adentr\u00f3 en una sala lateral y vio unas espectaculares pinturas en el techo. \u00ab\u00a1Mira, pap\u00e1, bueyes!\u00bb, exclam\u00f3 la peque\u00f1a, de 8 a\u00f1os. Acababa de descubrir la capilla Sixtina del arte rupestre paleol\u00edtico.<\/p>\n<p>Las pinturas de la cueva de Altamira fueron el primer conjunto pict\u00f3rico de la prehistoria conocido en su \u00e9poca. Bisontes, caballos, ciervos, manos y misteriosos signos pintados o grabados durante milenios se extienden majestuosos por el interior de la gruta.<\/p>\n<p>De hecho, tras su descubrimiento no faltaron las voces que denunciaron que las pinturas eran falsas, al considerar que sus formas abstractas y sus reproducciones de la vida salvaje eran demasiado sofisticadas para su tiempo (est\u00e1n datadas en el periodo magdaleniense, hace entre 12.000 y 15.000 a\u00f1os). Finalmente, un estudio franc\u00e9s llevado a cabo en 1902 constat\u00f3 su origen paleol\u00edtico.<\/p>\n<p>La autor\u00eda de las pinturas de la cueva de Altamira<\/p>\n<p>La posibilidad de que las pinturas de Altamira fueran obra femenina se abri\u00f3 paso en el 2012, cuando en una exposici\u00f3n en Madrid se represent\u00f3 a una mujer pintando la cueva. \u00abSupuso un impacto. Se alz\u00f3 mucho la voz desde la academia. \u00bfPor qu\u00e9 pon\u00e9is a una mujer, si no est\u00e1 comprobado que lo fuera? Bien, tampoco est\u00e1 comprobado que fuera un hombre\u00bb, coment\u00f3 Ana Herranz, investigadora en un proyecto sobre arqueolog\u00eda y mujeres en la Universidad de Ja\u00e9n.<\/p>\n<p>Lo \u00fanico cierto es que en la actualidad es imposible discernir si las pinturas fueron obra de mujeres o de hombres. En todo caso, tan aventurado es sostener una hip\u00f3tesis como la otra.<\/p>\n<p>Las mujeres prehist\u00f3ricas suelen ser representadas dedic\u00e1ndose a las tareas del hogar, debido a los estereotipos de g\u00e9nero que dominan tambi\u00e9n el relato de la historia. Seg\u00fan Lourdes Prados, profesora de Arqueolog\u00eda de la Universidad Aut\u00f3noma de Madrid y editora del libro &#8216;Museos arqueol\u00f3gicos y g\u00e9nero. Educando en igualdad&#8217;, \u00abla mayor\u00eda de los manuales escolares est\u00e1n sesgados\u00bb.<\/p>\n<p>\u00abEn los \u00faltimos a\u00f1os, se ha intentado que los textos sean m\u00e1s equilibrados. Sin embargo, las im\u00e1genes no se han cuidado. Y, para un ni\u00f1o, la imagen es lo primero que llega\u00bb, subraya Prados.<\/p>\n<p>Visita a la cueva de Altamira<\/p>\n<p>La cueva de Altamira tiene una longitud de 270 metros, con una estructura sencilla formada por una galer\u00eda con escasas ramificaciones y un final estrecho y de dif\u00edcil acceso.<\/p>\n<p>Por criterios de conservaci\u00f3n, la gruta se cerr\u00f3 al p\u00fablico en el 2002. No obstante, en el 2015 el Patronato del Museo Nacional y Centro de Investigaci\u00f3n de Altamira acord\u00f3 un estricto r\u00e9gimen de acceso controlado y limitado de cinco personas a la semana.<\/p>\n<p>La visita a la cueva de Altamira, de 37 minutos, se realiza bajo un estricto protocolo de indumentaria e iluminaci\u00f3n, con un recorrido y tiempos de permanencia definidos para cada zona de la cueva.<\/p>\n","protected":false},"excerpt":{"rendered":"<p>El Peri\u00f3dico La cueva de Altamira (Cantabria, Espa\u00f1a) inspira este 24 de septiembre un &#8216;doodle&#8217; de Google con motivo del 139 aniversario del descubrimiento en 1879 de sus impresionantes pinturas, consideradas la obra cumbre del arte paleol\u00edtico. El descubrimiento de la gruta se remonta a unos a\u00f1os atr\u00e1s, concretamente a 1868. Fue entonces, seg\u00fan detalla [&hellip;]<\/p>\n","protected":false},"author":1,"featured_media":49239,"comment_status":"open","ping_status":"open","sticky":false,"template":"","format":"standard","meta":{"om_disable_all_campaigns":false,"_monsterinsights_skip_tracking":false,"_monsterinsights_sitenote_active":false,"_monsterinsights_sitenote_note":"","_monsterinsights_sitenote_category":0,"footnotes":""},"categories":[5,10],"tags":[],"class_list":["post-49238","post","type-post","status-publish","format-standard","has-post-thumbnail","hentry","category-mundo","category-cultura"],"aioseo_notices":[],"_links":{"self":[{"href":"https:\/\/elcronistadigital.com\/index.php?rest_route=\/wp\/v2\/posts\/49238","targetHints":{"allow":["GET"]}}],"collection":[{"href":"https:\/\/elcronistadigital.com\/index.php?rest_route=\/wp\/v2\/posts"}],"about":[{"href":"https:\/\/elcronistadigital.com\/index.php?rest_route=\/wp\/v2\/types\/post"}],"author":[{"embeddable":true,"href":"https:\/\/elcronistadigital.com\/index.php?rest_route=\/wp\/v2\/users\/1"}],"replies":[{"embeddable":true,"href":"https:\/\/elcronistadigital.com\/index.php?rest_route=%2Fwp%2Fv2%2Fcomments&post=49238"}],"version-history":[{"count":1,"href":"https:\/\/elcronistadigital.com\/index.php?rest_route=\/wp\/v2\/posts\/49238\/revisions"}],"predecessor-version":[{"id":49240,"href":"https:\/\/elcronistadigital.com\/index.php?rest_route=\/wp\/v2\/posts\/49238\/revisions\/49240"}],"wp:featuredmedia":[{"embeddable":true,"href":"https:\/\/elcronistadigital.com\/index.php?rest_route=\/wp\/v2\/media\/49239"}],"wp:attachment":[{"href":"https:\/\/elcronistadigital.com\/index.php?rest_route=%2Fwp%2Fv2%2Fmedia&parent=49238"}],"wp:term":[{"taxonomy":"category","embeddable":true,"href":"https:\/\/elcronistadigital.com\/index.php?rest_route=%2Fwp%2Fv2%2Fcategories&post=49238"},{"taxonomy":"post_tag","embeddable":true,"href":"https:\/\/elcronistadigital.com\/index.php?rest_route=%2Fwp%2Fv2%2Ftags&post=49238"}],"curies":[{"name":"wp","href":"https:\/\/api.w.org\/{rel}","templated":true}]}}