{"id":4924,"date":"2012-01-22T09:07:04","date_gmt":"2012-01-22T15:07:04","guid":{"rendered":"http:\/\/elcronistadigital.com\/?p=4924"},"modified":"2012-01-22T09:07:04","modified_gmt":"2012-01-22T15:07:04","slug":"%c2%bfpor-que-maltratan-asi-a-juan-alberto","status":"publish","type":"post","link":"https:\/\/elcronistadigital.com\/?p=4924","title":{"rendered":"\u00bfPor qu\u00e9 maltratan as\u00ed a Juan Alberto?"},"content":{"rendered":"<div id=\"attachment_4925\" style=\"width: 243px\" class=\"wp-caption alignleft\"><a rel=\"attachment wp-att-4925\" href=\"https:\/\/elcronistadigital.com\/?attachment_id=4925\"><img loading=\"lazy\" decoding=\"async\" aria-describedby=\"caption-attachment-4925\" class=\"size-medium wp-image-4925\" title=\"juan_alberto_h\" src=\"https:\/\/elcronistadigital.com\/wp-content\/uploads\/2012\/01\/juan_alberto_h-233x300.jpg\" alt=\"\" width=\"233\" height=\"300\" srcset=\"https:\/\/elcronistadigital.com\/wp-content\/uploads\/2012\/01\/juan_alberto_h-233x300.jpg 233w, https:\/\/elcronistadigital.com\/wp-content\/uploads\/2012\/01\/juan_alberto_h.jpg 300w\" sizes=\"auto, (max-width: 233px) 100vw, 233px\" \/><\/a><p id=\"caption-attachment-4925\" class=\"wp-caption-text\">El periodista Juan Alberto Henr\u00edquez.<\/p><\/div>\n<p>Juan Alberto Henr\u00edquez, ex presidente de la Uni\u00f3n de Periodistas de Nicaragua, Lic. Juan Alberto Henr\u00edquez, contin\u00faa su calvario por la vivienda que le pertenece en la Colonia del Periodista, y que incre\u00edblemente no ha podido recuperar. \u00bfQu\u00e9 tiene el gobierno contra este colega? Esta es la \u00faltima misiva que envi\u00f3 al procurador Hern\u00e1n Estrada.<\/p>\n<p>Doctor<br \/>\nHern\u00e1n Estrada<br \/>\nProcurador General de la Rep\u00fablica<\/p>\n<p>He le\u00eddo en El Nuevo Diario del lunes 16 de enero del 2012, una declaraci\u00f3n suya que me llena esperanza en el futuro de Nicaragua, pues aparece como abogado apegado a la Constituci\u00f3n que jur\u00f3 defenderla y respetarla ante la Corte Suprema de Justicia y al ser juramentado por el Presidente de la Rep\u00fablica.<\/p>\n<p>En una ocasi\u00f3n, Dr. Estrada le expres\u00e9 que la se\u00f1ora Judith Silva (Invur), violaba la Constituci\u00f3n y la Ley Creadora de la Procuradur\u00eda al retenerme ilegalmente la entrega de la Escritura que elabor\u00f3 el Dr. Ren\u00e9 Demesio Toru\u00f1o y que fue reportada a la Corte Suprema de Justicia en 2010 y que usted extendi\u00f3 Carta de No Objeci\u00f3n.<\/p>\n<p>Usted dice que como representante del Estado \u201c\u2026 no hacemos nada si no tenemos elementos para actuar\u201d y que el \u201cEstado act\u00faa solo cuando tiene raz\u00f3n para hacerlo\u201d. Yo le creo a Usted y espero que sea una rectificaci\u00f3n de lo hecho y se disponga a darle validez a sus palabras.<\/p>\n<p>El Juez, mand\u00f3 en mayo del a\u00f1o pasado a que me entregaran la Escritura de la casa n\u00famero 74 de la Colonia de El Periodista y no lo hizo; el Presidente Ortega nombr\u00f3 al Dr. Ramiro Malesp\u00edn y supuestamente \u00e9ste habl\u00f3 con la Sra. Silva y ella le mand\u00f3 la Escritura a Ud. y le dijo que la entregar\u00eda de inmediato, eso\u00a0 ocurri\u00f3 hace m\u00e1s de seis meses.<\/p>\n<p>Ahora, antes de irse del cargo, da a entender que va a cumplir con la ley, pues yo no tengo nada pendiente con el Invur, porque llen\u00e9 todos los requisitos que impusieron, incluyendo el pago de la Escritura y el valor de la casa, no tengo nada con el Estado, entonces, d\u00edgame el d\u00eda y la hora para que me entregar\u00e1\u00a0 la Escritura.\u00a0 No deje que me sigan diciendo que \u201csoy ingenuo\u201d.<\/p>\n<p>Juan Alberto Henr\u00edquez Oporta<br \/>\nTels. 88812195-22544644<\/p>\n","protected":false},"excerpt":{"rendered":"<p>Juan Alberto Henr\u00edquez, ex presidente de la Uni\u00f3n de Periodistas de Nicaragua, Lic. Juan Alberto Henr\u00edquez, contin\u00faa su calvario por la vivienda que le pertenece en la Colonia del Periodista, y que incre\u00edblemente no ha podido recuperar. \u00bfQu\u00e9 tiene el gobierno contra este colega? Esta es la \u00faltima misiva que envi\u00f3 al procurador Hern\u00e1n Estrada. [&hellip;]<\/p>\n","protected":false},"author":1,"featured_media":4925,"comment_status":"open","ping_status":"open","sticky":false,"template":"","format":"standard","meta":{"om_disable_all_campaigns":false,"_monsterinsights_skip_tracking":false,"_monsterinsights_sitenote_active":false,"_monsterinsights_sitenote_note":"","_monsterinsights_sitenote_category":0,"footnotes":""},"categories":[3],"tags":[],"class_list":["post-4924","post","type-post","status-publish","format-standard","has-post-thumbnail","hentry","category-nacionales"],"aioseo_notices":[],"_links":{"self":[{"href":"https:\/\/elcronistadigital.com\/index.php?rest_route=\/wp\/v2\/posts\/4924","targetHints":{"allow":["GET"]}}],"collection":[{"href":"https:\/\/elcronistadigital.com\/index.php?rest_route=\/wp\/v2\/posts"}],"about":[{"href":"https:\/\/elcronistadigital.com\/index.php?rest_route=\/wp\/v2\/types\/post"}],"author":[{"embeddable":true,"href":"https:\/\/elcronistadigital.com\/index.php?rest_route=\/wp\/v2\/users\/1"}],"replies":[{"embeddable":true,"href":"https:\/\/elcronistadigital.com\/index.php?rest_route=%2Fwp%2Fv2%2Fcomments&post=4924"}],"version-history":[{"count":3,"href":"https:\/\/elcronistadigital.com\/index.php?rest_route=\/wp\/v2\/posts\/4924\/revisions"}],"predecessor-version":[{"id":4928,"href":"https:\/\/elcronistadigital.com\/index.php?rest_route=\/wp\/v2\/posts\/4924\/revisions\/4928"}],"wp:featuredmedia":[{"embeddable":true,"href":"https:\/\/elcronistadigital.com\/index.php?rest_route=\/wp\/v2\/media\/4925"}],"wp:attachment":[{"href":"https:\/\/elcronistadigital.com\/index.php?rest_route=%2Fwp%2Fv2%2Fmedia&parent=4924"}],"wp:term":[{"taxonomy":"category","embeddable":true,"href":"https:\/\/elcronistadigital.com\/index.php?rest_route=%2Fwp%2Fv2%2Fcategories&post=4924"},{"taxonomy":"post_tag","embeddable":true,"href":"https:\/\/elcronistadigital.com\/index.php?rest_route=%2Fwp%2Fv2%2Ftags&post=4924"}],"curies":[{"name":"wp","href":"https:\/\/api.w.org\/{rel}","templated":true}]}}