{"id":49249,"date":"2018-09-26T07:47:19","date_gmt":"2018-09-26T13:47:19","guid":{"rendered":"http:\/\/elcronistadigital.com\/?p=49249"},"modified":"2018-09-26T07:47:19","modified_gmt":"2018-09-26T13:47:19","slug":"pelicula-el-cuarto-retrato-de-taiwan-se-presenta-en-icaro-2018","status":"publish","type":"post","link":"https:\/\/elcronistadigital.com\/?p=49249","title":{"rendered":"Pel\u00edcula \u201cEl Cuarto Retrato\u201d, de Taiw\u00e1n, se presenta en \u00cdcaro 2018"},"content":{"rendered":"<p><a href=\"https:\/\/elcronistadigital.com\/wp-content\/uploads\/2018\/09\/four.jpg\"><img loading=\"lazy\" decoding=\"async\" class=\"alignleft size-full wp-image-49250\" alt=\"four\" src=\"https:\/\/elcronistadigital.com\/wp-content\/uploads\/2018\/09\/four.jpg\" width=\"300\" height=\"402\" srcset=\"https:\/\/elcronistadigital.com\/wp-content\/uploads\/2018\/09\/four.jpg 300w, https:\/\/elcronistadigital.com\/wp-content\/uploads\/2018\/09\/four-223x300.jpg 223w\" sizes=\"auto, (max-width: 300px) 100vw, 300px\" \/><\/a>Una vez m\u00e1s, la Embajada de la Rep\u00fablica de China (Taiw\u00e1n), estar\u00e1 presente en el festival de cine m\u00e1s importante de Nicaragua, ICARO Nicaragua 2018 y exhibir\u00e1 la pel\u00edcula galardonada, \u201cEl Cuarto Retrato\u201d, para deleite de los cin\u00e9filos de las pel\u00edculas taiwanesas.<\/p>\n<p>\u201cEl Cuarto Retrato\u201d participa en la categor\u00eda de pel\u00edcula extranjera invitada. Ah\u00ed se narra la historia de Xiang, un ni\u00f1o de 10 a\u00f1os que pasa de ser testigo de la muerte de su padre, a la incertidumbre por el reencuentro con su madre y el temor de convivir con su hostil padrastro.<\/p>\n<p>Cautivantes im\u00e1genes y suaves movimientos acompa\u00f1an la soledad del ni\u00f1o en un mundo confuso, a veces alegre, otras, amenazante. Excelentes actuaciones dan vida a un viaje \u00edntimo y emotivo, en el que el atento espectador puede asumir la presencia del personaje fantasmag\u00f3rico del filme.<\/p>\n<p>Esta obra de la cinematograf\u00eda taiwanesa, es dirigida por el joven y afamado director Mong-Hong Chung, quien demuestra en sus pel\u00edculas m\u00e1s recientes una aguda observaci\u00f3n de la sociedad taiwanesa y su constante preocupaci\u00f3n humanitaria.<\/p>\n<p>Entre los diversos premios que ha recibido est\u00e1n: Mejor Director, Mejor Pel\u00edcula y Mejor Actriz de Reparto en el Festival Caballo Dorado 2010; Mejor Pel\u00edcula y Mejor Actor en el Festival de Taipei 2010; Mejor Fotograf\u00eda en el Festival de Cine Asia-Pac\u00edfico, Australia 2011; Gran Premio FIPRESCI por Pel\u00edcula Extraordinaria del a\u00f1o de Taiw\u00e1n, as\u00ed como ha participado en varios cert\u00e1menes internacionales como Festival Internacional de Cine de Locarno, de Busan y de Tokio y fue nominada como Mejor Pel\u00edcula Extranjera en el Festival de Mar del Plata 2010; entre otros.<a href=\"https:\/\/elcronistadigital.com\/wp-content\/uploads\/2018\/09\/cuarto.jpg\"><img loading=\"lazy\" decoding=\"async\" class=\"alignright size-full wp-image-49251\" alt=\"cuarto\" src=\"https:\/\/elcronistadigital.com\/wp-content\/uploads\/2018\/09\/cuarto.jpg\" width=\"400\" height=\"256\" srcset=\"https:\/\/elcronistadigital.com\/wp-content\/uploads\/2018\/09\/cuarto.jpg 400w, https:\/\/elcronistadigital.com\/wp-content\/uploads\/2018\/09\/cuarto-300x192.jpg 300w, https:\/\/elcronistadigital.com\/wp-content\/uploads\/2018\/09\/cuarto-342x218.jpg 342w\" sizes=\"auto, (max-width: 400px) 100vw, 400px\" \/><\/a><\/p>\n<p>La proyecci\u00f3n de esta magn\u00edfica pel\u00edcula ser\u00e1 el s\u00e1bado 29 de septiembre, a las 10:00 de la ma\u00f1ana, en la Sala # 8 de Cinemas Galer\u00eda Santo Domingo. Esperamos contar con su valiosa asistencia. La entrada es gratuita.<\/p>\n","protected":false},"excerpt":{"rendered":"<p>Una vez m\u00e1s, la Embajada de la Rep\u00fablica de China (Taiw\u00e1n), estar\u00e1 presente en el festival de cine m\u00e1s importante de Nicaragua, ICARO Nicaragua 2018 y exhibir\u00e1 la pel\u00edcula galardonada, \u201cEl Cuarto Retrato\u201d, para deleite de los cin\u00e9filos de las pel\u00edculas taiwanesas. \u201cEl Cuarto Retrato\u201d participa en la categor\u00eda de pel\u00edcula extranjera invitada. Ah\u00ed se [&hellip;]<\/p>\n","protected":false},"author":1,"featured_media":49250,"comment_status":"open","ping_status":"open","sticky":false,"template":"","format":"standard","meta":{"om_disable_all_campaigns":false,"_monsterinsights_skip_tracking":false,"_monsterinsights_sitenote_active":false,"_monsterinsights_sitenote_note":"","_monsterinsights_sitenote_category":0,"footnotes":""},"categories":[3,10,3524],"tags":[],"class_list":["post-49249","post","type-post","status-publish","format-standard","has-post-thumbnail","hentry","category-nacionales","category-cultura","category-noticas"],"aioseo_notices":[],"_links":{"self":[{"href":"https:\/\/elcronistadigital.com\/index.php?rest_route=\/wp\/v2\/posts\/49249","targetHints":{"allow":["GET"]}}],"collection":[{"href":"https:\/\/elcronistadigital.com\/index.php?rest_route=\/wp\/v2\/posts"}],"about":[{"href":"https:\/\/elcronistadigital.com\/index.php?rest_route=\/wp\/v2\/types\/post"}],"author":[{"embeddable":true,"href":"https:\/\/elcronistadigital.com\/index.php?rest_route=\/wp\/v2\/users\/1"}],"replies":[{"embeddable":true,"href":"https:\/\/elcronistadigital.com\/index.php?rest_route=%2Fwp%2Fv2%2Fcomments&post=49249"}],"version-history":[{"count":1,"href":"https:\/\/elcronistadigital.com\/index.php?rest_route=\/wp\/v2\/posts\/49249\/revisions"}],"predecessor-version":[{"id":49252,"href":"https:\/\/elcronistadigital.com\/index.php?rest_route=\/wp\/v2\/posts\/49249\/revisions\/49252"}],"wp:featuredmedia":[{"embeddable":true,"href":"https:\/\/elcronistadigital.com\/index.php?rest_route=\/wp\/v2\/media\/49250"}],"wp:attachment":[{"href":"https:\/\/elcronistadigital.com\/index.php?rest_route=%2Fwp%2Fv2%2Fmedia&parent=49249"}],"wp:term":[{"taxonomy":"category","embeddable":true,"href":"https:\/\/elcronistadigital.com\/index.php?rest_route=%2Fwp%2Fv2%2Fcategories&post=49249"},{"taxonomy":"post_tag","embeddable":true,"href":"https:\/\/elcronistadigital.com\/index.php?rest_route=%2Fwp%2Fv2%2Ftags&post=49249"}],"curies":[{"name":"wp","href":"https:\/\/api.w.org\/{rel}","templated":true}]}}