{"id":49263,"date":"2018-09-28T10:58:36","date_gmt":"2018-09-28T16:58:36","guid":{"rendered":"http:\/\/elcronistadigital.com\/?p=49263"},"modified":"2018-09-28T10:58:36","modified_gmt":"2018-09-28T16:58:36","slug":"convocan-al-ii-concurso-nacional-de-diseno-e-innovacion-en-artesanias-de-bambu","status":"publish","type":"post","link":"https:\/\/elcronistadigital.com\/?p=49263","title":{"rendered":"Convocan al II Concurso Nacional de Dise\u00f1o e Innovaci\u00f3n en Artesan\u00edas de Bamb\u00fa"},"content":{"rendered":"<p><span style=\"color: #993300;\"><em><strong><a href=\"https:\/\/elcronistadigital.com\/wp-content\/uploads\/2018\/09\/bambusales.jpg\"><img loading=\"lazy\" decoding=\"async\" class=\"alignleft size-full wp-image-49264\" alt=\"bambusales\" src=\"https:\/\/elcronistadigital.com\/wp-content\/uploads\/2018\/09\/bambusales.jpg\" width=\"400\" height=\"297\" srcset=\"https:\/\/elcronistadigital.com\/wp-content\/uploads\/2018\/09\/bambusales.jpg 400w, https:\/\/elcronistadigital.com\/wp-content\/uploads\/2018\/09\/bambusales-300x222.jpg 300w, https:\/\/elcronistadigital.com\/wp-content\/uploads\/2018\/09\/bambusales-342x253.jpg 342w, https:\/\/elcronistadigital.com\/wp-content\/uploads\/2018\/09\/bambusales-60x45.jpg 60w, https:\/\/elcronistadigital.com\/wp-content\/uploads\/2018\/09\/bambusales-269x201.jpg 269w\" sizes=\"auto, (max-width: 400px) 100vw, 400px\" \/><\/a>* Misi\u00f3n T\u00e9cnica de Taiw\u00e1n y MEFCCA han entrenado a 115 personas en la elaboraci\u00f3n de artesan\u00edas y muebles con el mencionado producto.<\/strong><\/em><\/span><\/p>\n<p>El 24 de Septiembre, el gerente del Proyecto Bamb\u00fa de la Misi\u00f3n T\u00e9cnica de Taiw\u00e1n, Lucas Wang y la directora general de Talleres y Peque\u00f1os Negocios, Sonia Porras; el director de Promoci\u00f3n y Comercializaci\u00f3n de Peque\u00f1os Negocios, Jos\u00e9 Manuel Matute y el ganador del Concurso del 2017, Wilber Calero, lanzaron la convocatoria oficial a todos los artesanos que trabajan el bamb\u00fa, para participar en el \u201cII Concurso Nacional Dise\u00f1o e Innovaci\u00f3n en Artesan\u00edas de Bamb\u00fa 2018\u201d.<\/p>\n<p>El concurso se realizar\u00e1 el pr\u00f3ximo jueves 4 de octubre en las instalaciones del Parque Nacional de ferias, y los ganadores ser\u00e1n anunciados y premiados el s\u00e1bado 6 de octubre.<\/p>\n<p>Sonia Porras destac\u00f3 los logros del Proyecto Bamb\u00fa desde que inici\u00f3 en 2016 hasta la fecha, y mencion\u00f3 que 115 artesanos han sido capacitados en elaboraci\u00f3n de artesan\u00edas y muebles, y que productores de los departamentos de Masaya, Carazo, Rivas Matagalpa, Jinotega, Chontales, R\u00edo San Juan, Regi\u00f3n Aut\u00f3noma del Atl\u00e1ntico Norte y la Regi\u00f3n Aut\u00f3noma del Atl\u00e1ntico Sur, han sido beneficiados con el Bono Bamb\u00fa, que consta de pl\u00e1ntulas de bamb\u00fa, abono org\u00e1nico e insumos para el cultivo.<\/p>\n<p>Agradeci\u00f3 al Gobierno de Taiw\u00e1n y a su pueblo por toda la cooperaci\u00f3n con el Gobierno de Nicaragua.<\/p>\n<p>Mientras, el gerente Lucas Wang ofreci\u00f3 una peque\u00f1a rese\u00f1a acerca del proyecto, y puntualiz\u00f3 que tiene duraci\u00f3n de 5 a\u00f1os, iniciando en 2016 y finalizando en 2020. Dijo que es ejecutado por la Misi\u00f3n T\u00e9cnica de Taiw\u00e1n en coordinaci\u00f3n con el MEFCCA y el INTA.<a href=\"https:\/\/elcronistadigital.com\/wp-content\/uploads\/2018\/09\/bambusales1.jpg\"><img loading=\"lazy\" decoding=\"async\" class=\"alignright size-full wp-image-49265\" alt=\"bambusales1\" src=\"https:\/\/elcronistadigital.com\/wp-content\/uploads\/2018\/09\/bambusales1.jpg\" width=\"450\" height=\"330\" srcset=\"https:\/\/elcronistadigital.com\/wp-content\/uploads\/2018\/09\/bambusales1.jpg 450w, https:\/\/elcronistadigital.com\/wp-content\/uploads\/2018\/09\/bambusales1-300x220.jpg 300w, https:\/\/elcronistadigital.com\/wp-content\/uploads\/2018\/09\/bambusales1-342x250.jpg 342w, https:\/\/elcronistadigital.com\/wp-content\/uploads\/2018\/09\/bambusales1-60x45.jpg 60w, https:\/\/elcronistadigital.com\/wp-content\/uploads\/2018\/09\/bambusales1-90x65.jpg 90w\" sizes=\"auto, (max-width: 450px) 100vw, 450px\" \/><\/a><\/p>\n<p>Entre sus objetivos est\u00e1 capacitar a los productores para mejorar el cultivo del bamb\u00fa y en elaboraci\u00f3n de muebles y artesan\u00edas de alta calidad. Sembrar 300 hect\u00e1reas de bamb\u00fa comercial en Nicaragua, as\u00ed como promocionar la Industria de bamb\u00fa para mejorar la econom\u00eda familiar de los artesanos nicarag\u00fcenses.<\/p>\n<p>En 2017, el Proyecto de Bamb\u00fa, en cooperaci\u00f3n con el MEFCCA, realiz\u00f3 el primer concurso con excelentes resultados. Participaron 500 personas, 37 productos concursantes y 12 ganadores. Se espera que este a\u00f1o se supere esa meta y participen m\u00e1s artesanos.<\/p>\n","protected":false},"excerpt":{"rendered":"<p>* Misi\u00f3n T\u00e9cnica de Taiw\u00e1n y MEFCCA han entrenado a 115 personas en la elaboraci\u00f3n de artesan\u00edas y muebles con el mencionado producto. El 24 de Septiembre, el gerente del Proyecto Bamb\u00fa de la Misi\u00f3n T\u00e9cnica de Taiw\u00e1n, Lucas Wang y la directora general de Talleres y Peque\u00f1os Negocios, Sonia Porras; el director de Promoci\u00f3n [&hellip;]<\/p>\n","protected":false},"author":1,"featured_media":49264,"comment_status":"open","ping_status":"open","sticky":false,"template":"","format":"standard","meta":{"om_disable_all_campaigns":false,"_monsterinsights_skip_tracking":false,"_monsterinsights_sitenote_active":false,"_monsterinsights_sitenote_note":"","_monsterinsights_sitenote_category":0,"footnotes":""},"categories":[3,3524],"tags":[],"class_list":["post-49263","post","type-post","status-publish","format-standard","has-post-thumbnail","hentry","category-nacionales","category-noticas"],"aioseo_notices":[],"_links":{"self":[{"href":"https:\/\/elcronistadigital.com\/index.php?rest_route=\/wp\/v2\/posts\/49263","targetHints":{"allow":["GET"]}}],"collection":[{"href":"https:\/\/elcronistadigital.com\/index.php?rest_route=\/wp\/v2\/posts"}],"about":[{"href":"https:\/\/elcronistadigital.com\/index.php?rest_route=\/wp\/v2\/types\/post"}],"author":[{"embeddable":true,"href":"https:\/\/elcronistadigital.com\/index.php?rest_route=\/wp\/v2\/users\/1"}],"replies":[{"embeddable":true,"href":"https:\/\/elcronistadigital.com\/index.php?rest_route=%2Fwp%2Fv2%2Fcomments&post=49263"}],"version-history":[{"count":1,"href":"https:\/\/elcronistadigital.com\/index.php?rest_route=\/wp\/v2\/posts\/49263\/revisions"}],"predecessor-version":[{"id":49266,"href":"https:\/\/elcronistadigital.com\/index.php?rest_route=\/wp\/v2\/posts\/49263\/revisions\/49266"}],"wp:featuredmedia":[{"embeddable":true,"href":"https:\/\/elcronistadigital.com\/index.php?rest_route=\/wp\/v2\/media\/49264"}],"wp:attachment":[{"href":"https:\/\/elcronistadigital.com\/index.php?rest_route=%2Fwp%2Fv2%2Fmedia&parent=49263"}],"wp:term":[{"taxonomy":"category","embeddable":true,"href":"https:\/\/elcronistadigital.com\/index.php?rest_route=%2Fwp%2Fv2%2Fcategories&post=49263"},{"taxonomy":"post_tag","embeddable":true,"href":"https:\/\/elcronistadigital.com\/index.php?rest_route=%2Fwp%2Fv2%2Ftags&post=49263"}],"curies":[{"name":"wp","href":"https:\/\/api.w.org\/{rel}","templated":true}]}}