{"id":49267,"date":"2018-09-28T11:12:20","date_gmt":"2018-09-28T17:12:20","guid":{"rendered":"http:\/\/elcronistadigital.com\/?p=49267"},"modified":"2018-09-28T11:12:20","modified_gmt":"2018-09-28T17:12:20","slug":"29-de-septiembre-dia-mundial-del-corazon","status":"publish","type":"post","link":"https:\/\/elcronistadigital.com\/?p=49267","title":{"rendered":"29 de septiembre, D\u00eda Mundial del Coraz\u00f3n"},"content":{"rendered":"<div id=\"attachment_49268\" style=\"width: 312px\" class=\"wp-caption alignleft\"><a href=\"https:\/\/elcronistadigital.com\/wp-content\/uploads\/2018\/09\/Dr.-Vicente-Maltez-Montiel-7.jpg\"><img loading=\"lazy\" decoding=\"async\" aria-describedby=\"caption-attachment-49268\" class=\"size-full wp-image-49268\" alt=\"Dr. Vicente Maltez Montiel.\" src=\"https:\/\/elcronistadigital.com\/wp-content\/uploads\/2018\/09\/Dr.-Vicente-Maltez-Montiel-7.jpg\" width=\"302\" height=\"249\" srcset=\"https:\/\/elcronistadigital.com\/wp-content\/uploads\/2018\/09\/Dr.-Vicente-Maltez-Montiel-7.jpg 302w, https:\/\/elcronistadigital.com\/wp-content\/uploads\/2018\/09\/Dr.-Vicente-Maltez-Montiel-7-300x247.jpg 300w\" sizes=\"auto, (max-width: 302px) 100vw, 302px\" \/><\/a><p id=\"caption-attachment-49268\" class=\"wp-caption-text\">Dr. Vicente Maltez Montiel.<\/p><\/div>\n<p><span style=\"color: #993300;\"><em><strong>* \u201cMi coraz\u00f3n, tu coraz\u00f3n\u201d es el lema de la gran celebraci\u00f3n m\u00e9dico-social que persigue promover a nivel mundial el cuido del coraz\u00f3n. 40 % de los fallecidos en el mundo es por causa cardiovascular. Siete nicarag\u00fcenses mueren cada d\u00eda de un ataque card\u00edaco. Aprenda a identificar los riesgos o peligros que debemos controlar para tener un coraz\u00f3n sano.<\/strong><\/em><\/span><\/p>\n<p><span style=\"color: #0000ff;\">Dr. Vicente Maltez Montiel*<\/span><\/p>\n<p>Ma\u00f1ana 29 de septiembre, se conmemorar\u00e1 en el mundo el D\u00eda mundial del Coraz\u00f3n, una gran efem\u00e9ride m\u00e9dico-social organizada por la Federaci\u00f3n Mundial del Coraz\u00f3n y otras organizaciones, con el prop\u00f3sito de sensibilizar a la Humanidad sobre la urgente necesidad de que cuidemos el valioso \u00f3rgano, que al bombear la sangre, mantiene la vida. Recordemos que el 40% de las muertes del planeta tienen un origen cardiovascular.<\/p>\n<p>\u201cMi coraz\u00f3n, tu coraz\u00f3n\u201d es el lema 2018 y se hace un \u00e9nfasis de que todos deber\u00edamos hacer una promesa: en lo personal comprometernos a cuidar nuestro coraz\u00f3n y el de nuestros seres queridos. Pensando al estilo de Tolstoi: todos, somos responsables de todos.<\/p>\n<p>Cuando alguien se ha visto conmocionado por la muerte de un familiar cercano v\u00edctima de un infarto agudo al miocardio (IAM) o ataque cardiaco, que en 2017 fue segunda causa de muerte en Nicaragua, quit\u00e1ndole la vida como promedio a m\u00e1s de siete nicarag\u00fcenses por d\u00eda, suele preguntar al m\u00e9dico internista qu\u00e9 hacer para no perecer de esta manera.<\/p>\n<p>Quien asiste a una persona atacada de un IAM, no olvidar\u00e1 nunca la dram\u00e1tica escena. Se trata de alguien que aqueja un intenso, terrible dolor en el pecho, opresivo, retroesternal, que dura m\u00e1s de media hora y que se irradia al cuello y al miembro superior izquierdo. Se acompa\u00f1a de gran palidez, sudoraci\u00f3n, n\u00e1useas, v\u00f3mitos y ante todo de una sensaci\u00f3n de muerte inminente.<\/p>\n<p>El paciente siente que va a morir. Hay que llevarlo al hospital antes de que pasen las dos primeras horas, que es el tiempo en que aparecen las complicaciones fatales.<\/p>\n<p>La principal ense\u00f1anza que debemos reflexionar es que la medicina moderna ha logrado identificar qui\u00e9nes son las personas que pueden correr mayor riesgo de sufrir un IAM y l\u00f3gicamente, al alejarnos de estos factores tendremos menos peligro.<\/p>\n<p>Factores de riesgo de IAM:<br \/>\n1. Tener las grasas de la sangre elevadas, en especial colesterol total, colesterol malo LDL y los triglic\u00e9ridos. Si tiene el colesterol bueno HDL bajo, es un factor negativo.<br \/>\n2. Presi\u00f3n arterial alta descontrolada.<br \/>\n3. Fumar cigarrillos o tabaquismo.<br \/>\n4. Ser portador de diabetes o tener historia de resistencia a la insulina, que contribuyen a da\u00f1ar las arterias coronarias.<br \/>\n5. Obesidad y sobrepeso.<br \/>\n6. La inactividad f\u00edsica o sedentarismo potencia todos estos factores de riesgo que estamos mencionando.<br \/>\n7. Una historia familiar positiva de ataques y muertes cardiacos. La edad: cuando los hombres tenemos m\u00e1s de 45 y las mujeres m\u00e1s de 55 a\u00f1os, el riesgo es mayor. Las damas con menopausia son especialmente vulnerables.<br \/>\n8. Nuevos factores de riesgo que se han identificado son: tener altas concentraciones en la sangre de lipoprote\u00edna \u201ca\u201d, PCR, fibrin\u00f3geno y homociste\u00edna. Quienes est\u00e1n afectados de apnea obstructiva del sue\u00f1o, artritis reumatoide y preeclampsia, presentan con m\u00e1s facilidad accidentes coronarios o IAM.<\/p>\n<p>La Asociaci\u00f3n Nicarag\u00fcense de Medicina interna (ANMI), ha realizado un llamado a todos los m\u00e9dicos internistas a continuar mejorando la atenci\u00f3n oportuna y eficiente de los ataques cardiacos, al tiempo que felicit\u00f3 la efem\u00e9ride del D\u00eda mundial del Coraz\u00f3n. \u00a1Larga vida y Prosperidad!<\/p>\n<p><em><strong><span style=\"color: #993300;\">* Cl\u00ednica de Especialistas Dr. Maltez, rotonda del Periodista 3 cuadras al lago y 30 varas arriba #15, Managua. Previa cita Tel\u00e9f. 8903-6211\/8854-7884\/ 2223-4333. Especialista en Medicina Interna y qu\u00edmico-farmac\u00e9utico.<\/span><\/strong><\/em><\/p>\n","protected":false},"excerpt":{"rendered":"<p>* \u201cMi coraz\u00f3n, tu coraz\u00f3n\u201d es el lema de la gran celebraci\u00f3n m\u00e9dico-social que persigue promover a nivel mundial el cuido del coraz\u00f3n. 40 % de los fallecidos en el mundo es por causa cardiovascular. Siete nicarag\u00fcenses mueren cada d\u00eda de un ataque card\u00edaco. Aprenda a identificar los riesgos o peligros que debemos controlar para [&hellip;]<\/p>\n","protected":false},"author":1,"featured_media":49268,"comment_status":"open","ping_status":"open","sticky":false,"template":"","format":"standard","meta":{"om_disable_all_campaigns":false,"_monsterinsights_skip_tracking":false,"_monsterinsights_sitenote_active":false,"_monsterinsights_sitenote_note":"","_monsterinsights_sitenote_category":0,"footnotes":""},"categories":[3,7,3524],"tags":[],"class_list":["post-49267","post","type-post","status-publish","format-standard","has-post-thumbnail","hentry","category-nacionales","category-salud-y-belleza","category-noticas"],"aioseo_notices":[],"_links":{"self":[{"href":"https:\/\/elcronistadigital.com\/index.php?rest_route=\/wp\/v2\/posts\/49267","targetHints":{"allow":["GET"]}}],"collection":[{"href":"https:\/\/elcronistadigital.com\/index.php?rest_route=\/wp\/v2\/posts"}],"about":[{"href":"https:\/\/elcronistadigital.com\/index.php?rest_route=\/wp\/v2\/types\/post"}],"author":[{"embeddable":true,"href":"https:\/\/elcronistadigital.com\/index.php?rest_route=\/wp\/v2\/users\/1"}],"replies":[{"embeddable":true,"href":"https:\/\/elcronistadigital.com\/index.php?rest_route=%2Fwp%2Fv2%2Fcomments&post=49267"}],"version-history":[{"count":1,"href":"https:\/\/elcronistadigital.com\/index.php?rest_route=\/wp\/v2\/posts\/49267\/revisions"}],"predecessor-version":[{"id":49269,"href":"https:\/\/elcronistadigital.com\/index.php?rest_route=\/wp\/v2\/posts\/49267\/revisions\/49269"}],"wp:featuredmedia":[{"embeddable":true,"href":"https:\/\/elcronistadigital.com\/index.php?rest_route=\/wp\/v2\/media\/49268"}],"wp:attachment":[{"href":"https:\/\/elcronistadigital.com\/index.php?rest_route=%2Fwp%2Fv2%2Fmedia&parent=49267"}],"wp:term":[{"taxonomy":"category","embeddable":true,"href":"https:\/\/elcronistadigital.com\/index.php?rest_route=%2Fwp%2Fv2%2Fcategories&post=49267"},{"taxonomy":"post_tag","embeddable":true,"href":"https:\/\/elcronistadigital.com\/index.php?rest_route=%2Fwp%2Fv2%2Ftags&post=49267"}],"curies":[{"name":"wp","href":"https:\/\/api.w.org\/{rel}","templated":true}]}}