{"id":4936,"date":"2012-01-22T10:26:05","date_gmt":"2012-01-22T16:26:05","guid":{"rendered":"http:\/\/elcronistadigital.com\/?p=4936"},"modified":"2012-01-22T10:26:05","modified_gmt":"2012-01-22T16:26:05","slug":"gobierno-tico-invita-a-%e2%80%9ccomerse%e2%80%9d-el-san-juan","status":"publish","type":"post","link":"https:\/\/elcronistadigital.com\/?p=4936","title":{"rendered":"Gobierno tico invita a \u201ccomerse\u201d el San Juan"},"content":{"rendered":"<p>* Segundo vicepresidente de la naci\u00f3n vecina y hostil contra Nicaragua \u201caclar\u00f3\u201d que se refer\u00eda a los peces y camarones de nuestra fuente de agua, es decir, invit\u00f3 a sus ciudadanos al saqueo.<\/p>\n<div id=\"attachment_4937\" style=\"width: 310px\" class=\"wp-caption alignleft\"><a rel=\"attachment wp-att-4937\" href=\"https:\/\/elcronistadigital.com\/?attachment_id=4937\"><img loading=\"lazy\" decoding=\"async\" aria-describedby=\"caption-attachment-4937\" class=\"size-medium wp-image-4937\" title=\"Vices ticos\" src=\"https:\/\/elcronistadigital.com\/wp-content\/uploads\/2012\/01\/Vices-ticos-300x199.jpg\" alt=\"\" width=\"300\" height=\"199\" srcset=\"https:\/\/elcronistadigital.com\/wp-content\/uploads\/2012\/01\/Vices-ticos-300x199.jpg 300w, https:\/\/elcronistadigital.com\/wp-content\/uploads\/2012\/01\/Vices-ticos-342x227.jpg 342w, https:\/\/elcronistadigital.com\/wp-content\/uploads\/2012\/01\/Vices-ticos.jpg 640w\" sizes=\"auto, (max-width: 300px) 100vw, 300px\" \/><\/a><p id=\"caption-attachment-4937\" class=\"wp-caption-text\">Los vicepresidentes Alfio Piva (izq.) y Luis Liberman visitaron ayer la trocha fronteriza que corre paralela al r\u00edo San. <\/p><\/div>\n<p>El segundo vicepresidente de la Rep\u00fablica, Alfio Piva, propuso el s\u00e1bado a los habitantes de las comunidades fronterizas con Nicaragua, emprender conjuntamente con el Gobierno un plan para desarrollar tur\u00edsticamente el r\u00edo San Juan desde tierra y de paso \u201ccomerse\u201d dicha fuente de agua pinolera.<\/p>\n<p>\u201cEsta zona lim\u00edtrofe es una de las m\u00e1s bonitas de Costa Rica y ahora deben ustedes aprovechar la apertura de la carretera paralela al r\u00edo en beneficio propio. Invito a los costarricenses a que visiten Tiricias y otros lugares para que vengan y se coman el San Juan\u201d, dijo Piva, quien ten\u00eda a su lado al primer vicepresidente, Luis Liberman.<\/p>\n<p>Piva, quien se dijo ambientalista de muchos a\u00f1os, explic\u00f3 de seguido: \u201cCuando hablo de comerme el San Juan es una alegor\u00eda, porque me parece que el r\u00edo tiene una gran variedad de peces y camarones\u201d.<\/p>\n<p>El segundo vicepresidente habl\u00f3 con motivo de la inauguraci\u00f3n de la electrificaci\u00f3n de Tiricias, obra construida por la Cooperativa de Electrificaci\u00f3n de San Carlos (Coopelesca), con apoyo econ\u00f3mico de Asignaciones Familiares y la alcald\u00eda sancarle\u00f1a.<\/p>\n<p>El acto de ayer result\u00f3 hist\u00f3rico para los habitantes de Tiricias, peque\u00f1o caser\u00edo asentado frente al San Juan, quienes por primera vez en sus 60 a\u00f1os de fundaci\u00f3n recib\u00edan servicio de electricidad.<\/p>\n<p>A la actividad asistieron diputados, l\u00edderes comunales y familias de pueblos aleda\u00f1os como Jocote, Llano Verde, San Isidro y Concho de Pocosol, entre otros.<\/p>\n<p>Presencia nicaraguense. A las 10:20 a. m., cuando la ceremonia a\u00fan no empezaba, apareci\u00f3 sobrevolando el San Juan un helic\u00f3ptero del Gobierno de Nicaragua.<\/p>\n<p>La aeronave no artillada, de colores blanco y celeste, pas\u00f3 a mediana velocidad a pocos metros del espacio a\u00e9reo costarricense.<\/p>\n<p>Minutos despu\u00e9s, cuando Luis Liberman hac\u00eda uso de la palabra, una embarcaci\u00f3n con diez efectivos del Ej\u00e9rcito nicaraguense se asom\u00f3 en el r\u00edo, pero no se detuvo.<\/p>\n<p>Segundos despu\u00e9s, Liberman dijo a los lugare\u00f1os que el Gobierno no ceder\u00e1 en su determinaci\u00f3n de terminar la trocha fronteriza, la cual se inici\u00f3 meses atr\u00e1s tras el conflicto por la isla Calero.<\/p>\n<p>Sin hacer referencia directa a Nicaragua, advirti\u00f3 que Costa Rica es soberana y dentro de su territorio y \u201cning\u00fan gobierno de otro pa\u00eds ni ninguna Corte que no reconocemos nos puede decir lo que podemos y no podemos hacer\u201d.<\/p>\n<p>Al proyecto de la carretera, reconoci\u00f3 Liberman, le faltan los recursos para construir los dos puentes m\u00e1s grandes, los cuales se instalar\u00edan sobre los r\u00edos San Carlos y Sarapiqu\u00ed.<\/p>\n<p>\u201cVamos a raspar la olla para hacerlos realidad\u201d, agreg\u00f3.<\/p>\n","protected":false},"excerpt":{"rendered":"<p>* Segundo vicepresidente de la naci\u00f3n vecina y hostil contra Nicaragua \u201caclar\u00f3\u201d que se refer\u00eda a los peces y camarones de nuestra fuente de agua, es decir, invit\u00f3 a sus ciudadanos al saqueo. El segundo vicepresidente de la Rep\u00fablica, Alfio Piva, propuso el s\u00e1bado a los habitantes de las comunidades fronterizas con Nicaragua, emprender conjuntamente [&hellip;]<\/p>\n","protected":false},"author":1,"featured_media":4937,"comment_status":"open","ping_status":"open","sticky":false,"template":"","format":"standard","meta":{"om_disable_all_campaigns":false,"_monsterinsights_skip_tracking":false,"_monsterinsights_sitenote_active":false,"_monsterinsights_sitenote_note":"","_monsterinsights_sitenote_category":0,"footnotes":""},"categories":[3,13],"tags":[],"class_list":["post-4936","post","type-post","status-publish","format-standard","has-post-thumbnail","hentry","category-nacionales","category-portada"],"aioseo_notices":[],"_links":{"self":[{"href":"https:\/\/elcronistadigital.com\/index.php?rest_route=\/wp\/v2\/posts\/4936","targetHints":{"allow":["GET"]}}],"collection":[{"href":"https:\/\/elcronistadigital.com\/index.php?rest_route=\/wp\/v2\/posts"}],"about":[{"href":"https:\/\/elcronistadigital.com\/index.php?rest_route=\/wp\/v2\/types\/post"}],"author":[{"embeddable":true,"href":"https:\/\/elcronistadigital.com\/index.php?rest_route=\/wp\/v2\/users\/1"}],"replies":[{"embeddable":true,"href":"https:\/\/elcronistadigital.com\/index.php?rest_route=%2Fwp%2Fv2%2Fcomments&post=4936"}],"version-history":[{"count":3,"href":"https:\/\/elcronistadigital.com\/index.php?rest_route=\/wp\/v2\/posts\/4936\/revisions"}],"predecessor-version":[{"id":4940,"href":"https:\/\/elcronistadigital.com\/index.php?rest_route=\/wp\/v2\/posts\/4936\/revisions\/4940"}],"wp:featuredmedia":[{"embeddable":true,"href":"https:\/\/elcronistadigital.com\/index.php?rest_route=\/wp\/v2\/media\/4937"}],"wp:attachment":[{"href":"https:\/\/elcronistadigital.com\/index.php?rest_route=%2Fwp%2Fv2%2Fmedia&parent=4936"}],"wp:term":[{"taxonomy":"category","embeddable":true,"href":"https:\/\/elcronistadigital.com\/index.php?rest_route=%2Fwp%2Fv2%2Fcategories&post=4936"},{"taxonomy":"post_tag","embeddable":true,"href":"https:\/\/elcronistadigital.com\/index.php?rest_route=%2Fwp%2Fv2%2Ftags&post=4936"}],"curies":[{"name":"wp","href":"https:\/\/api.w.org\/{rel}","templated":true}]}}