{"id":49419,"date":"2018-10-29T16:43:37","date_gmt":"2018-10-29T22:43:37","guid":{"rendered":"http:\/\/elcronistadigital.com\/?p=49419"},"modified":"2018-10-29T16:43:37","modified_gmt":"2018-10-29T22:43:37","slug":"taiwan-patrocina-realizacion-del-v-foro-internacional-de-television-educativa-en-nicaragua","status":"publish","type":"post","link":"https:\/\/elcronistadigital.com\/?p=49419","title":{"rendered":"Taiw\u00e1n patrocina realizaci\u00f3n del V Foro Internacional de Televisi\u00f3n Educativa en Nicaragua"},"content":{"rendered":"<p><a href=\"https:\/\/elcronistadigital.com\/wp-content\/uploads\/2018\/10\/educa2.jpg\"><img loading=\"lazy\" decoding=\"async\" class=\"alignleft size-full wp-image-49420\" alt=\"educa2\" src=\"https:\/\/elcronistadigital.com\/wp-content\/uploads\/2018\/10\/educa2.jpg\" width=\"450\" height=\"334\" srcset=\"https:\/\/elcronistadigital.com\/wp-content\/uploads\/2018\/10\/educa2.jpg 450w, https:\/\/elcronistadigital.com\/wp-content\/uploads\/2018\/10\/educa2-300x222.jpg 300w, https:\/\/elcronistadigital.com\/wp-content\/uploads\/2018\/10\/educa2-342x253.jpg 342w, https:\/\/elcronistadigital.com\/wp-content\/uploads\/2018\/10\/educa2-60x45.jpg 60w, https:\/\/elcronistadigital.com\/wp-content\/uploads\/2018\/10\/educa2-269x201.jpg 269w\" sizes=\"auto, (max-width: 450px) 100vw, 450px\" \/><\/a>En la sede de Canal 6, el embajador de la Rep\u00fablica de China (Taiw\u00e1n), Jaime Chin-Mu Wu y el director general de Canal 6, Aar\u00f3n Peralta, firmaron el acta de patrocinio para el \u201cV Foro Internacional de Televisi\u00f3n Educativa y Nuevas Tecnolog\u00edas\u201d, que se realizar\u00e1 el pr\u00f3ximo 6 y 7 de diciembre del presente a\u00f1o y que contar\u00e1 con la participaci\u00f3n de 40 especialistas de Latinoam\u00e9rica. La firma de dicho evento se llev\u00f3 a cabo el 26 de octubre del presente a\u00f1o.<\/p>\n<p>Peralta declar\u00f3 que este ser\u00e1 un foro que va a contribuir mucho al proceso de formaci\u00f3n y reforzamiento de los docentes y t\u00e9cnicos, para implementar las nuevas tecnolog\u00edas en la did\u00e1ctica de la ense\u00f1anza de los nicarag\u00fcenses. Asimismo agradeci\u00f3 a Taiw\u00e1n por contribuir una vez m\u00e1s con el pueblo de Nicaragua a mejorar los niveles de educaci\u00f3n.<\/p>\n<p>Por su parte, el embajador Wu indic\u00f3 que este Foro es una gran oportunidad para el sector educativo de Nicaragua, ya que permitir\u00e1 poder escuchar las exposiciones de diferentes expertos internacionales sobre el tema. Igualmente se\u00f1al\u00f3 que los medios de comunicaci\u00f3n son importantes para promover la educaci\u00f3n y facilitar la mejor forma de aprendizaje para los alumnos.<\/p>\n<p>El Foro tiene como objetivo contribuir a la formaci\u00f3n de equipos t\u00e9cnicos sobre los avances de las nuevas tecnolog\u00edas, que permitan mejorar la calidad educativa de Nicaragua.<\/p>\n","protected":false},"excerpt":{"rendered":"<p>En la sede de Canal 6, el embajador de la Rep\u00fablica de China (Taiw\u00e1n), Jaime Chin-Mu Wu y el director general de Canal 6, Aar\u00f3n Peralta, firmaron el acta de patrocinio para el \u201cV Foro Internacional de Televisi\u00f3n Educativa y Nuevas Tecnolog\u00edas\u201d, que se realizar\u00e1 el pr\u00f3ximo 6 y 7 de diciembre del presente a\u00f1o [&hellip;]<\/p>\n","protected":false},"author":1,"featured_media":49420,"comment_status":"open","ping_status":"open","sticky":false,"template":"","format":"standard","meta":{"om_disable_all_campaigns":false,"_monsterinsights_skip_tracking":false,"_monsterinsights_sitenote_active":false,"_monsterinsights_sitenote_note":"","_monsterinsights_sitenote_category":0,"footnotes":""},"categories":[3,3524],"tags":[],"class_list":["post-49419","post","type-post","status-publish","format-standard","has-post-thumbnail","hentry","category-nacionales","category-noticas"],"aioseo_notices":[],"_links":{"self":[{"href":"https:\/\/elcronistadigital.com\/index.php?rest_route=\/wp\/v2\/posts\/49419","targetHints":{"allow":["GET"]}}],"collection":[{"href":"https:\/\/elcronistadigital.com\/index.php?rest_route=\/wp\/v2\/posts"}],"about":[{"href":"https:\/\/elcronistadigital.com\/index.php?rest_route=\/wp\/v2\/types\/post"}],"author":[{"embeddable":true,"href":"https:\/\/elcronistadigital.com\/index.php?rest_route=\/wp\/v2\/users\/1"}],"replies":[{"embeddable":true,"href":"https:\/\/elcronistadigital.com\/index.php?rest_route=%2Fwp%2Fv2%2Fcomments&post=49419"}],"version-history":[{"count":1,"href":"https:\/\/elcronistadigital.com\/index.php?rest_route=\/wp\/v2\/posts\/49419\/revisions"}],"predecessor-version":[{"id":49421,"href":"https:\/\/elcronistadigital.com\/index.php?rest_route=\/wp\/v2\/posts\/49419\/revisions\/49421"}],"wp:featuredmedia":[{"embeddable":true,"href":"https:\/\/elcronistadigital.com\/index.php?rest_route=\/wp\/v2\/media\/49420"}],"wp:attachment":[{"href":"https:\/\/elcronistadigital.com\/index.php?rest_route=%2Fwp%2Fv2%2Fmedia&parent=49419"}],"wp:term":[{"taxonomy":"category","embeddable":true,"href":"https:\/\/elcronistadigital.com\/index.php?rest_route=%2Fwp%2Fv2%2Fcategories&post=49419"},{"taxonomy":"post_tag","embeddable":true,"href":"https:\/\/elcronistadigital.com\/index.php?rest_route=%2Fwp%2Fv2%2Ftags&post=49419"}],"curies":[{"name":"wp","href":"https:\/\/api.w.org\/{rel}","templated":true}]}}