{"id":49428,"date":"2018-10-31T10:19:28","date_gmt":"2018-10-31T16:19:28","guid":{"rendered":"http:\/\/elcronistadigital.com\/?p=49428"},"modified":"2018-10-31T10:19:28","modified_gmt":"2018-10-31T16:19:28","slug":"taiwan-y-alma-entregan-viviendas-a-familia-fuentes-afectada-por-lluvias","status":"publish","type":"post","link":"https:\/\/elcronistadigital.com\/?p=49428","title":{"rendered":"Taiw\u00e1n y Alma entregan viviendas a familia Fuentes afectada por lluvias"},"content":{"rendered":"<p><a href=\"https:\/\/elcronistadigital.com\/wp-content\/uploads\/2018\/10\/Fuentes.jpg\"><img loading=\"lazy\" decoding=\"async\" class=\"alignleft size-full wp-image-49429\" alt=\"Fuentes\" src=\"https:\/\/elcronistadigital.com\/wp-content\/uploads\/2018\/10\/Fuentes.jpg\" width=\"500\" height=\"274\" srcset=\"https:\/\/elcronistadigital.com\/wp-content\/uploads\/2018\/10\/Fuentes.jpg 500w, https:\/\/elcronistadigital.com\/wp-content\/uploads\/2018\/10\/Fuentes-300x164.jpg 300w, https:\/\/elcronistadigital.com\/wp-content\/uploads\/2018\/10\/Fuentes-342x187.jpg 342w\" sizes=\"auto, (max-width: 500px) 100vw, 500px\" \/><\/a><strong><span style=\"color: #0000ff;\">El d\u00eda 29 lunes de octubre, el Embajador Jaime Wu y la Alcaldesa Reyna Rueda presidieron el acto de entrega de vivienda solidaria al Sr. Gustavo Adolfo Fuentes, en el barrio Domitila Lugo, Distrito 4 de Managua, quien recibi\u00f3 su nueva casita con alegr\u00eda y satisfacci\u00f3n.<\/span><\/strong><\/p>\n<p>&nbsp;<\/p>\n<p>&nbsp;<\/p>\n<p>&nbsp;<\/p>\n<p>&nbsp;<\/p>\n<p>&nbsp;<\/p>\n<p>&nbsp;<\/p>\n<p><span style=\"color: #0000ff;\"><strong>El Embajador Wu, su esposa Cindy y la Alcaldesa Reyna Rueda compartieron momentos de alegr\u00eda con los ni\u00f1os y ni\u00f1as del barrio Domitila Lugo.<\/strong><\/span><a href=\"https:\/\/elcronistadigital.com\/wp-content\/uploads\/2018\/10\/Fuentes1.jpg\"><img loading=\"lazy\" decoding=\"async\" class=\"alignright size-full wp-image-49430\" alt=\"Fuentes1\" src=\"https:\/\/elcronistadigital.com\/wp-content\/uploads\/2018\/10\/Fuentes1.jpg\" width=\"500\" height=\"278\" srcset=\"https:\/\/elcronistadigital.com\/wp-content\/uploads\/2018\/10\/Fuentes1.jpg 500w, https:\/\/elcronistadigital.com\/wp-content\/uploads\/2018\/10\/Fuentes1-300x166.jpg 300w, https:\/\/elcronistadigital.com\/wp-content\/uploads\/2018\/10\/Fuentes1-342x190.jpg 342w\" sizes=\"auto, (max-width: 500px) 100vw, 500px\" \/><\/a><\/p>\n","protected":false},"excerpt":{"rendered":"<p>El d\u00eda 29 lunes de octubre, el Embajador Jaime Wu y la Alcaldesa Reyna Rueda presidieron el acto de entrega de vivienda solidaria al Sr. Gustavo Adolfo Fuentes, en el barrio Domitila Lugo, Distrito 4 de Managua, quien recibi\u00f3 su nueva casita con alegr\u00eda y satisfacci\u00f3n. &nbsp; &nbsp; &nbsp; &nbsp; &nbsp; &nbsp; El Embajador Wu, [&hellip;]<\/p>\n","protected":false},"author":1,"featured_media":49429,"comment_status":"open","ping_status":"open","sticky":false,"template":"","format":"standard","meta":{"om_disable_all_campaigns":false,"_monsterinsights_skip_tracking":false,"_monsterinsights_sitenote_active":false,"_monsterinsights_sitenote_note":"","_monsterinsights_sitenote_category":0,"footnotes":""},"categories":[3,3524],"tags":[],"class_list":["post-49428","post","type-post","status-publish","format-standard","has-post-thumbnail","hentry","category-nacionales","category-noticas"],"aioseo_notices":[],"_links":{"self":[{"href":"https:\/\/elcronistadigital.com\/index.php?rest_route=\/wp\/v2\/posts\/49428","targetHints":{"allow":["GET"]}}],"collection":[{"href":"https:\/\/elcronistadigital.com\/index.php?rest_route=\/wp\/v2\/posts"}],"about":[{"href":"https:\/\/elcronistadigital.com\/index.php?rest_route=\/wp\/v2\/types\/post"}],"author":[{"embeddable":true,"href":"https:\/\/elcronistadigital.com\/index.php?rest_route=\/wp\/v2\/users\/1"}],"replies":[{"embeddable":true,"href":"https:\/\/elcronistadigital.com\/index.php?rest_route=%2Fwp%2Fv2%2Fcomments&post=49428"}],"version-history":[{"count":1,"href":"https:\/\/elcronistadigital.com\/index.php?rest_route=\/wp\/v2\/posts\/49428\/revisions"}],"predecessor-version":[{"id":49431,"href":"https:\/\/elcronistadigital.com\/index.php?rest_route=\/wp\/v2\/posts\/49428\/revisions\/49431"}],"wp:featuredmedia":[{"embeddable":true,"href":"https:\/\/elcronistadigital.com\/index.php?rest_route=\/wp\/v2\/media\/49429"}],"wp:attachment":[{"href":"https:\/\/elcronistadigital.com\/index.php?rest_route=%2Fwp%2Fv2%2Fmedia&parent=49428"}],"wp:term":[{"taxonomy":"category","embeddable":true,"href":"https:\/\/elcronistadigital.com\/index.php?rest_route=%2Fwp%2Fv2%2Fcategories&post=49428"},{"taxonomy":"post_tag","embeddable":true,"href":"https:\/\/elcronistadigital.com\/index.php?rest_route=%2Fwp%2Fv2%2Ftags&post=49428"}],"curies":[{"name":"wp","href":"https:\/\/api.w.org\/{rel}","templated":true}]}}