{"id":4949,"date":"2012-01-22T14:06:28","date_gmt":"2012-01-22T20:06:28","guid":{"rendered":"http:\/\/elcronistadigital.com\/?p=4949"},"modified":"2012-01-22T14:06:28","modified_gmt":"2012-01-22T20:06:28","slug":"falda-abajo-por-el-cerro-negro","status":"publish","type":"post","link":"https:\/\/elcronistadigital.com\/?p=4949","title":{"rendered":"Falda abajo por el Cerro Negro"},"content":{"rendered":"<div id=\"attachment_4950\" style=\"width: 224px\" class=\"wp-caption alignleft\"><a rel=\"attachment wp-att-4950\" href=\"https:\/\/elcronistadigital.com\/?attachment_id=4950\"><img loading=\"lazy\" decoding=\"async\" aria-describedby=\"caption-attachment-4950\" class=\"size-full wp-image-4950\" title=\"Volc\u00e1n Cerro Negro\" src=\"https:\/\/elcronistadigital.com\/wp-content\/uploads\/2012\/01\/Volc\u00e1n-Cerro-Negro.jpg\" alt=\"\" width=\"214\" height=\"160\" srcset=\"https:\/\/elcronistadigital.com\/wp-content\/uploads\/2012\/01\/Volc\u00e1n-Cerro-Negro.jpg 214w, https:\/\/elcronistadigital.com\/wp-content\/uploads\/2012\/01\/Volc\u00e1n-Cerro-Negro-60x45.jpg 60w, https:\/\/elcronistadigital.com\/wp-content\/uploads\/2012\/01\/Volc\u00e1n-Cerro-Negro-150x113.jpg 150w\" sizes=\"auto, (max-width: 214px) 100vw, 214px\" \/><\/a><p id=\"caption-attachment-4950\" class=\"wp-caption-text\">El ya famoso cerro Negro de nuestro pa\u00eds, Nicaragua.<\/p><\/div>\n<p>Julie Kliegman<\/p>\n<p>Recuerdo perfectamente el instante en que me percat\u00e9 de los encantos de Nicaragua. Estuve residiendo en este pa\u00eds centroamericano por ocho semanas, de las cuales una dediqu\u00e9 a la aventura. Fue cuando estuve \u201csurfeando\u201d en un volc\u00e1n de m\u00e1s de 700 metros de altura, sobre un peque\u00f1o tobog\u00e1n que me hac\u00eda volar sobre las piedras volc\u00e1nicas de Cerro Negro.<\/p>\n<p>Nicaragua es un pa\u00eds muy bonito, y para admirar su belleza lo mejor es acudir a alg\u00fan punto en la cima de un volc\u00e1n. La \u00faltima erupci\u00f3n de Cerro Negro se dio en 1999 pero, seg\u00fan los expertos, con todo el potencial para entrar en erupci\u00f3n. Riesgo a un lado, el caso es que pude constatar que deslizarte por la ladera de un volc\u00e1n es una experiencia muy intensa.<\/p>\n<p>Es imposible describir la experiencia fielmente. Solamente puedo decir que dediqu\u00e9 buen tiempo a caminar hasta la cima con una mezcla fascinante de miedo y entusiasmo.<\/p>\n<p>Es preciso se\u00f1ala que es f\u00e1cil viajar por toda Nicaragua v\u00eda autob\u00fas. Y para llegar al Cerro Negro hay que llegar primero a Le\u00f3n, provincia donde est\u00e1 el volc\u00e1n. Es un trayecto que toma una hora y media desde Managua, una ciudad interesante con mucha historia y cultura, pero los viajeros aventureros solemos querer algo m\u00e1s.<\/p>\n<p>La gente valiente que acepta el reto de ir al Cerro Negro sabe que ingresar\u00e1 en una especie de competencia. Los turistas bajan del volc\u00e1n, de dos en dos, en una carrera veloz conociendo que la meta es alcanzar la velocidad m\u00e1s r\u00e1pida. Es dif\u00edcil pero posible, controlar el trineo e ir en l\u00ednea recta a la base del Cerro Negro \u00a1sin caerse!<\/p>\n<p>Dir\u00eda que se trata de una competencia educativa porque aprendes, por ejemplo, que Cerro Negro es el \u00fanico volc\u00e1n activo que se puede escalar en el mundo, y desde donde una se puede deslizar utilizando un fino pedazo de madera.<\/p>\n<p>De eso se trata la excursi\u00f3n a la que asist\u00ed con un gu\u00eda pues me advirtieron que era m\u00e1s seguro. Adem\u00e1s, recibes de primera mano mucha informaci\u00f3n sobre la historia del volc\u00e1n.<\/p>\n<p>No es una excursi\u00f3n muy dif\u00edcil de hacer, pero es mejor estar en forma. Una vez arriba, no puedes dejar pasar la oportunidad para fotografiar y admirar a la tierra nicarag\u00fcense desde otra perspectiva. Aunque el volc\u00e1n est\u00e1 a 45 minutos de Le\u00f3n en guagua, es f\u00e1cil planificar el viaje. En el \u00e1rea hay hospedajes baratos para j\u00f3venes. Varios operadores tur\u00edsticos ofrecen excursiones al volc\u00e1n todos los d\u00edas.<\/p>\n<p>En fin, que para m\u00ed la actividad fue algo m\u00e1s que una descarga de adrenalina. Tambi\u00e9n fue un momento que me permiti\u00f3 apreciar la naturaleza. Viv\u00ed muchas experiencias inolvidables durante mi verano en este pa\u00eds, donde visit\u00e9 adem\u00e1s a Managua, Granada y San Juan del Sur. Pero subir hasta la cima de Cerro Negro fue especial y divertido.<\/p>\n<p>Especial para De Viaje<\/p>\n","protected":false},"excerpt":{"rendered":"<p>Julie Kliegman Recuerdo perfectamente el instante en que me percat\u00e9 de los encantos de Nicaragua. Estuve residiendo en este pa\u00eds centroamericano por ocho semanas, de las cuales una dediqu\u00e9 a la aventura. Fue cuando estuve \u201csurfeando\u201d en un volc\u00e1n de m\u00e1s de 700 metros de altura, sobre un peque\u00f1o tobog\u00e1n que me hac\u00eda volar sobre [&hellip;]<\/p>\n","protected":false},"author":1,"featured_media":4950,"comment_status":"open","ping_status":"open","sticky":false,"template":"","format":"standard","meta":{"om_disable_all_campaigns":false,"_monsterinsights_skip_tracking":false,"_monsterinsights_sitenote_active":false,"_monsterinsights_sitenote_note":"","_monsterinsights_sitenote_category":0,"footnotes":""},"categories":[3,13],"tags":[],"class_list":["post-4949","post","type-post","status-publish","format-standard","has-post-thumbnail","hentry","category-nacionales","category-portada"],"aioseo_notices":[],"_links":{"self":[{"href":"https:\/\/elcronistadigital.com\/index.php?rest_route=\/wp\/v2\/posts\/4949","targetHints":{"allow":["GET"]}}],"collection":[{"href":"https:\/\/elcronistadigital.com\/index.php?rest_route=\/wp\/v2\/posts"}],"about":[{"href":"https:\/\/elcronistadigital.com\/index.php?rest_route=\/wp\/v2\/types\/post"}],"author":[{"embeddable":true,"href":"https:\/\/elcronistadigital.com\/index.php?rest_route=\/wp\/v2\/users\/1"}],"replies":[{"embeddable":true,"href":"https:\/\/elcronistadigital.com\/index.php?rest_route=%2Fwp%2Fv2%2Fcomments&post=4949"}],"version-history":[{"count":3,"href":"https:\/\/elcronistadigital.com\/index.php?rest_route=\/wp\/v2\/posts\/4949\/revisions"}],"predecessor-version":[{"id":4953,"href":"https:\/\/elcronistadigital.com\/index.php?rest_route=\/wp\/v2\/posts\/4949\/revisions\/4953"}],"wp:featuredmedia":[{"embeddable":true,"href":"https:\/\/elcronistadigital.com\/index.php?rest_route=\/wp\/v2\/media\/4950"}],"wp:attachment":[{"href":"https:\/\/elcronistadigital.com\/index.php?rest_route=%2Fwp%2Fv2%2Fmedia&parent=4949"}],"wp:term":[{"taxonomy":"category","embeddable":true,"href":"https:\/\/elcronistadigital.com\/index.php?rest_route=%2Fwp%2Fv2%2Fcategories&post=4949"},{"taxonomy":"post_tag","embeddable":true,"href":"https:\/\/elcronistadigital.com\/index.php?rest_route=%2Fwp%2Fv2%2Ftags&post=4949"}],"curies":[{"name":"wp","href":"https:\/\/api.w.org\/{rel}","templated":true}]}}