{"id":49572,"date":"2018-11-21T07:54:36","date_gmt":"2018-11-21T13:54:36","guid":{"rendered":"http:\/\/elcronistadigital.com\/?p=49572"},"modified":"2018-11-21T07:54:36","modified_gmt":"2018-11-21T13:54:36","slug":"el-cambio-climatico-un-desafio-global-que-requiere-una-respuesta-global","status":"publish","type":"post","link":"https:\/\/elcronistadigital.com\/?p=49572","title":{"rendered":"El cambio clim\u00e1tico: un desaf\u00edo global que requiere una respuesta global"},"content":{"rendered":"<p>&nbsp;<\/p>\n<div id=\"attachment_49573\" style=\"width: 288px\" class=\"wp-caption alignleft\"><a href=\"https:\/\/elcronistadigital.com\/wp-content\/uploads\/2018\/11\/Lee-Ying-yuan.jpg\"><img loading=\"lazy\" decoding=\"async\" aria-describedby=\"caption-attachment-49573\" class=\"size-full wp-image-49573\" alt=\"Lee Ying-yuan, ministro de protecci\u00f3n medioambiental de Taiw\u00e1n.\" src=\"https:\/\/elcronistadigital.com\/wp-content\/uploads\/2018\/11\/Lee-Ying-yuan.jpg\" width=\"278\" height=\"318\" srcset=\"https:\/\/elcronistadigital.com\/wp-content\/uploads\/2018\/11\/Lee-Ying-yuan.jpg 278w, https:\/\/elcronistadigital.com\/wp-content\/uploads\/2018\/11\/Lee-Ying-yuan-262x300.jpg 262w\" sizes=\"auto, (max-width: 278px) 100vw, 278px\" \/><\/a><p id=\"caption-attachment-49573\" class=\"wp-caption-text\">Lee Ying-yuan, ministro de protecci\u00f3n medioambiental de Taiw\u00e1n.<\/p><\/div>\n<p><strong><span style=\"color: #3366ff;\">Ministro Lee Ying-yuan*<\/span><\/strong><\/p>\n<p>El crecimiento continuo de las emisiones de gases de efecto invernadero en todo el mundo ha ocasionado fen\u00f3menos clim\u00e1ticos anormales y extremos, tales como olas de calor, sequ\u00edas y catastr\u00f3ficas lluvias. De hecho, estos acontecimientos recientes est\u00e1n teniendo un impacto considerable y representan una amenaza importante para todo el planeta.<\/p>\n<p>Para seguir implementando el Acuerdo de Par\u00eds sobre el Cambio Clim\u00e1tico y lograr los objetivos que se describen en \u00e9l, la Convenci\u00f3n Marco de las Naciones Unidas sobre el Cambio Clim\u00e1tico, adem\u00e1s de dirigir fielmente importantes proyectos, consultas y negociaciones, tambi\u00e9n ha invitado a grupos de diversos \u00e1mbitos a unirse al Di\u00e1logo de Talanoa, con el fin de aprovechar al m\u00e1ximo la sabidur\u00eda colectiva de la humanidad en la formulaci\u00f3n de soluciones viables para el cambio clim\u00e1tico.<\/p>\n<p>Como miembro de la aldea global, y en l\u00ednea con el Acuerdo de Par\u00eds, Taiw\u00e1n ha aprobado el Acta para la Gesti\u00f3n y Reducci\u00f3n de los Gases de Invernadero, en virtud de la cual se formularon objetivos de 5 a\u00f1os de reducci\u00f3n del carbono. Tambi\u00e9n ha creado las Directrices Nacionales de Acci\u00f3n contra el Cambio Clim\u00e1tico, mediante el establecimiento de l\u00edmites m\u00e1ximos de emisiones, la promoci\u00f3n de iniciativas de finanzas verdes, el fomento de la cooperaci\u00f3n entre las agencias gubernamentales centrales y locales, y el involucramiento del p\u00fablico.<\/p>\n<p>Casi el 90% de las emisiones anuales de gases de efecto invernadero de Taiw\u00e1n provienen de la quema de combustible. El Gobierno est\u00e1 reduciendo gradualmente su dependencia del carb\u00f3n, cerrando instalaciones antiguas y equipando las restantes con unidades de alta eficiencia que provocan menos contaminaci\u00f3n. A principios de 2018, se ratific\u00f3 la Ley de Control de la Contaminaci\u00f3n del Aire de Taiw\u00e1n, que incluye medidas m\u00e1s estrictas para reducir la contaminaci\u00f3n del aire y acelerar la transici\u00f3n energ\u00e9tica.<\/p>\n<p>Para encontrar un equilibrio adecuado entre el desarrollo econ\u00f3mico y la protecci\u00f3n ambiental, Taiw\u00e1n est\u00e1 promoviendo la econom\u00eda circular como parte del Programa de Innovaci\u00f3n Industrial 5+2. Existe un consenso internacional generalizado de que la econom\u00eda circular desempe\u00f1a un papel vital en el logro de los objetivos del Acuerdo de Par\u00eds.<\/p>\n<p>Taiw\u00e1n ya ha logrado un progreso significativo en las \u00faltimas dos d\u00e9cadas en el campo del reciclaje y la reutilizaci\u00f3n de recursos. De hecho, en 2017 la tasa de recuperaci\u00f3n de recursos de Taiw\u00e1n fue del 52,5%, un porcentaje superado solo por Alemania y Austria. Durante la Copa Mundial de F\u00fatbol de la FIFA 2018, aproximadamente la mitad de los 32 equipos del torneo utilizaron camisetas producidas con botellas recicladas en Taiw\u00e1n.<\/p>\n<p>Despu\u00e9s de haberse beneficiado enormemente de la industrializaci\u00f3n, Taiw\u00e1n est\u00e1 ahora totalmente comprometido a desempe\u00f1ar un papel clave para salvar el planeta y sus ecosistemas. Taiw\u00e1n est\u00e1 listo y dispuesto acompartir sus conocimientos y experiencias en la gesti\u00f3n medioambiental, los sistemas de alerta y prevenci\u00f3n de desastres, la tecnolog\u00eda para mejorar la eficiencia energ\u00e9tica y la aplicaci\u00f3n de tecnolog\u00eda innovadora.<\/p>\n<p>El cambio clim\u00e1tico es una cuesti\u00f3n de la supervivencia de nuestro planeta, y no debe reducirse a un problema pol\u00edtico. Durante mucho tiempo Taiw\u00e1n ha sido injustamente ignorado y aislado del sistema de las Naciones Unidas. Esto no nos ha desanimado. De una manera profesional, pragm\u00e1tica y constructiva, Taiw\u00e1n buscar\u00e1 una participaci\u00f3n significativa en organizaciones y eventos internacionales, y cumplir\u00e1 con sus responsabilidades como miembro de la comunidad internacional. \u00a1Que Taiw\u00e1n se una al mundo y que el mundo abrace Taiw\u00e1n!<\/p>\n<p><strong><span style=\"color: #3366ff;\">* Administraci\u00f3n para la Protecci\u00f3n Medioambiental<\/span><\/strong><br \/>\n<strong><span style=\"color: #3366ff;\"> Rep\u00fablica de China (Taiw\u00e1n)<\/span><\/strong><\/p>\n<p>2<\/p>\n","protected":false},"excerpt":{"rendered":"<p>&nbsp; Ministro Lee Ying-yuan* El crecimiento continuo de las emisiones de gases de efecto invernadero en todo el mundo ha ocasionado fen\u00f3menos clim\u00e1ticos anormales y extremos, tales como olas de calor, sequ\u00edas y catastr\u00f3ficas lluvias. De hecho, estos acontecimientos recientes est\u00e1n teniendo un impacto considerable y representan una amenaza importante para todo el planeta. Para [&hellip;]<\/p>\n","protected":false},"author":1,"featured_media":49573,"comment_status":"open","ping_status":"open","sticky":false,"template":"","format":"standard","meta":{"om_disable_all_campaigns":false,"_monsterinsights_skip_tracking":false,"_monsterinsights_sitenote_active":false,"_monsterinsights_sitenote_note":"","_monsterinsights_sitenote_category":0,"footnotes":""},"categories":[5,1],"tags":[],"class_list":["post-49572","post","type-post","status-publish","format-standard","has-post-thumbnail","hentry","category-mundo","category-opinion"],"aioseo_notices":[],"_links":{"self":[{"href":"https:\/\/elcronistadigital.com\/index.php?rest_route=\/wp\/v2\/posts\/49572","targetHints":{"allow":["GET"]}}],"collection":[{"href":"https:\/\/elcronistadigital.com\/index.php?rest_route=\/wp\/v2\/posts"}],"about":[{"href":"https:\/\/elcronistadigital.com\/index.php?rest_route=\/wp\/v2\/types\/post"}],"author":[{"embeddable":true,"href":"https:\/\/elcronistadigital.com\/index.php?rest_route=\/wp\/v2\/users\/1"}],"replies":[{"embeddable":true,"href":"https:\/\/elcronistadigital.com\/index.php?rest_route=%2Fwp%2Fv2%2Fcomments&post=49572"}],"version-history":[{"count":1,"href":"https:\/\/elcronistadigital.com\/index.php?rest_route=\/wp\/v2\/posts\/49572\/revisions"}],"predecessor-version":[{"id":49574,"href":"https:\/\/elcronistadigital.com\/index.php?rest_route=\/wp\/v2\/posts\/49572\/revisions\/49574"}],"wp:featuredmedia":[{"embeddable":true,"href":"https:\/\/elcronistadigital.com\/index.php?rest_route=\/wp\/v2\/media\/49573"}],"wp:attachment":[{"href":"https:\/\/elcronistadigital.com\/index.php?rest_route=%2Fwp%2Fv2%2Fmedia&parent=49572"}],"wp:term":[{"taxonomy":"category","embeddable":true,"href":"https:\/\/elcronistadigital.com\/index.php?rest_route=%2Fwp%2Fv2%2Fcategories&post=49572"},{"taxonomy":"post_tag","embeddable":true,"href":"https:\/\/elcronistadigital.com\/index.php?rest_route=%2Fwp%2Fv2%2Ftags&post=49572"}],"curies":[{"name":"wp","href":"https:\/\/api.w.org\/{rel}","templated":true}]}}