{"id":49598,"date":"2018-11-26T09:32:38","date_gmt":"2018-11-26T15:32:38","guid":{"rendered":"http:\/\/elcronistadigital.com\/?p=49598"},"modified":"2018-11-26T09:32:38","modified_gmt":"2018-11-26T15:32:38","slug":"acoso-y-violencia-laboral-enferman-al-corazon","status":"publish","type":"post","link":"https:\/\/elcronistadigital.com\/?p=49598","title":{"rendered":"Acoso y violencia laboral enferman al coraz\u00f3n"},"content":{"rendered":"<p><strong><span style=\"color: #3366ff;\"><a href=\"https:\/\/elcronistadigital.com\/wp-content\/uploads\/2018\/11\/coraz\u00f3n.jpg\"><img loading=\"lazy\" decoding=\"async\" class=\"alignleft size-full wp-image-49599\" alt=\"coraz\u00f3n\" src=\"https:\/\/elcronistadigital.com\/wp-content\/uploads\/2018\/11\/coraz\u00f3n.jpg\" width=\"350\" height=\"198\" srcset=\"https:\/\/elcronistadigital.com\/wp-content\/uploads\/2018\/11\/coraz\u00f3n.jpg 350w, https:\/\/elcronistadigital.com\/wp-content\/uploads\/2018\/11\/coraz\u00f3n-300x169.jpg 300w, https:\/\/elcronistadigital.com\/wp-content\/uploads\/2018\/11\/coraz\u00f3n-342x193.jpg 342w\" sizes=\"auto, (max-width: 350px) 100vw, 350px\" \/><\/a>Prensa Latina<\/span><\/strong><\/p>\n<p>Las v\u00edctimas de acoso o violencia laboral corren mayor riesgo de padecer problemas vasculares cardiacos o cerebrales, asegura un estudio publicado hace varios d\u00edas en el European Heart Journal.<\/p>\n<p>Los cient\u00edficos aseguran que aunque la investigaci\u00f3n es de tipo observacional los resultados son s\u00f3lidos y tienen implicaciones importantes para los empleadores y gobiernos.<\/p>\n<p>La directora del estudio prospectivo, Tianwei Xu, destac\u00f3 que la eliminaci\u00f3n de la intimidaci\u00f3n en el lugar de trabajo significar\u00eda evitar el cinco por ciento de todos los casos cardiovasculares, y la erradicaci\u00f3n de la violencia evitar\u00eda m\u00e1s del 3 por ciento de todos los casos.<\/p>\n<p>Los expertos analizaron datos de 79 mil 201 hombre y mujeres de Dinamarca y Suecia en edad laboral, sin antecedentes de enfermedad cardiovascular, que participaron en tres estudios realizados entre 1995 y 2011.<\/p>\n<p>Por otra parte la informaci\u00f3n sobre el n\u00famero de casos de enfermedad de los vasos sangu\u00edneos del coraz\u00f3n y el cerebro y las muertes se obtuvo de registros nacionales.<\/p>\n<p>Tambi\u00e9n se tuvieron en cuenta otros factores como el \u00edndice de masa corporal, el consumo de alcohol, tabaquismo, trastornos mentales y otras afecciones de salud preexistentes, as\u00ed como el trabajo por turnos y la ocupaci\u00f3n.<\/p>\n<p>El 9 por ciento de los participantes informaron de haber sido acosados en el trabajo y el 13 por ciento declar\u00f3 haber experimentado violencia o amenazas de violencia en el \u00faltimo a\u00f1o.<\/p>\n<p>Descubrieron que aquellos que fueron acosados o experimentaron violencia en el trabajo tienen riesgo de un 59 y 25 por ciento mayor de accidente cerebro vascular en comparaci\u00f3n con las personas que no estuvieron expuestas a situaciones de ese tipo.<\/p>\n<p>Xu se\u00f1al\u00f3 que aunque el estudio no permite concluir que exista una relaci\u00f3n causal entre la intimidaci\u00f3n o violencia en el lugar de trabajo o la violencia y la enfermedad cardiovascular, proporciona evidencia emp\u00edrica en apoyo de dicha relaci\u00f3n causal.<\/p>\n","protected":false},"excerpt":{"rendered":"<p>Prensa Latina Las v\u00edctimas de acoso o violencia laboral corren mayor riesgo de padecer problemas vasculares cardiacos o cerebrales, asegura un estudio publicado hace varios d\u00edas en el European Heart Journal. Los cient\u00edficos aseguran que aunque la investigaci\u00f3n es de tipo observacional los resultados son s\u00f3lidos y tienen implicaciones importantes para los empleadores y gobiernos. [&hellip;]<\/p>\n","protected":false},"author":1,"featured_media":49599,"comment_status":"open","ping_status":"open","sticky":false,"template":"","format":"standard","meta":{"om_disable_all_campaigns":false,"_monsterinsights_skip_tracking":false,"_monsterinsights_sitenote_active":false,"_monsterinsights_sitenote_note":"","_monsterinsights_sitenote_category":0,"footnotes":""},"categories":[7,13],"tags":[],"class_list":["post-49598","post","type-post","status-publish","format-standard","has-post-thumbnail","hentry","category-salud-y-belleza","category-portada"],"aioseo_notices":[],"_links":{"self":[{"href":"https:\/\/elcronistadigital.com\/index.php?rest_route=\/wp\/v2\/posts\/49598","targetHints":{"allow":["GET"]}}],"collection":[{"href":"https:\/\/elcronistadigital.com\/index.php?rest_route=\/wp\/v2\/posts"}],"about":[{"href":"https:\/\/elcronistadigital.com\/index.php?rest_route=\/wp\/v2\/types\/post"}],"author":[{"embeddable":true,"href":"https:\/\/elcronistadigital.com\/index.php?rest_route=\/wp\/v2\/users\/1"}],"replies":[{"embeddable":true,"href":"https:\/\/elcronistadigital.com\/index.php?rest_route=%2Fwp%2Fv2%2Fcomments&post=49598"}],"version-history":[{"count":1,"href":"https:\/\/elcronistadigital.com\/index.php?rest_route=\/wp\/v2\/posts\/49598\/revisions"}],"predecessor-version":[{"id":49600,"href":"https:\/\/elcronistadigital.com\/index.php?rest_route=\/wp\/v2\/posts\/49598\/revisions\/49600"}],"wp:featuredmedia":[{"embeddable":true,"href":"https:\/\/elcronistadigital.com\/index.php?rest_route=\/wp\/v2\/media\/49599"}],"wp:attachment":[{"href":"https:\/\/elcronistadigital.com\/index.php?rest_route=%2Fwp%2Fv2%2Fmedia&parent=49598"}],"wp:term":[{"taxonomy":"category","embeddable":true,"href":"https:\/\/elcronistadigital.com\/index.php?rest_route=%2Fwp%2Fv2%2Fcategories&post=49598"},{"taxonomy":"post_tag","embeddable":true,"href":"https:\/\/elcronistadigital.com\/index.php?rest_route=%2Fwp%2Fv2%2Ftags&post=49598"}],"curies":[{"name":"wp","href":"https:\/\/api.w.org\/{rel}","templated":true}]}}