{"id":4962,"date":"2012-01-23T15:51:45","date_gmt":"2012-01-23T21:51:45","guid":{"rendered":"http:\/\/elcronistadigital.com\/?p=4962"},"modified":"2012-01-23T15:51:45","modified_gmt":"2012-01-23T21:51:45","slug":"banco-mundial-renueva-financiamiento-al-inta","status":"publish","type":"post","link":"https:\/\/elcronistadigital.com\/?p=4962","title":{"rendered":"Banco Mundial renueva financiamiento al INTA"},"content":{"rendered":"<p>Maricely Linarte<\/p>\n<p>La directora del Instituto Nicarag\u00fcense de Tecnolog\u00eda Agropecuaria (INTA),<\/p>\n<div id=\"attachment_4963\" style=\"width: 310px\" class=\"wp-caption alignleft\"><a rel=\"attachment wp-att-4963\" href=\"https:\/\/elcronistadigital.com\/?attachment_id=4963\"><img loading=\"lazy\" decoding=\"async\" aria-describedby=\"caption-attachment-4963\" class=\"size-medium wp-image-4963\" title=\"Inta Banco Mundial\" src=\"https:\/\/elcronistadigital.com\/wp-content\/uploads\/2012\/01\/Inta-Banco-Mundial-300x225.jpg\" alt=\"\" width=\"300\" height=\"225\" srcset=\"https:\/\/elcronistadigital.com\/wp-content\/uploads\/2012\/01\/Inta-Banco-Mundial-300x225.jpg 300w, https:\/\/elcronistadigital.com\/wp-content\/uploads\/2012\/01\/Inta-Banco-Mundial-342x256.jpg 342w, https:\/\/elcronistadigital.com\/wp-content\/uploads\/2012\/01\/Inta-Banco-Mundial-60x45.jpg 60w, https:\/\/elcronistadigital.com\/wp-content\/uploads\/2012\/01\/Inta-Banco-Mundial-150x113.jpg 150w, https:\/\/elcronistadigital.com\/wp-content\/uploads\/2012\/01\/Inta-Banco-Mundial-269x201.jpg 269w, https:\/\/elcronistadigital.com\/wp-content\/uploads\/2012\/01\/Inta-Banco-Mundial.jpg 352w\" sizes=\"auto, (max-width: 300px) 100vw, 300px\" \/><\/a><p id=\"caption-attachment-4963\" class=\"wp-caption-text\">Mar\u00eda Isabel Mart\u00ednez, del INTA; ministro del Magfor, Ariel Bucardo y el director del Banco Mundial para Centroam\u00e9rica, Carlos Felipe Jaramillo.<\/p><\/div>\n<p>Dicho encuentro tuvo lugar en las instalaciones del Centro Nacional de Investigaciones Agropecuarias y Biotecnolog\u00eda (CNIAB) del INTA.<\/p>\n<p>\u00abHemos logrado que el Banco Mundial apoye nuevamente el sector agropecuario. Se est\u00e1 cerrando una etapa de los programas con el Banco Mundial que abrimos en el 2007 y estamos trabajando por abrir la nueva etapa con el Banco\u00bb, indic\u00f3 el ministro Agropecuario, Ariel Bucardo.<\/p>\n<p>En los \u00faltimos a\u00f1os el Banco Mundial ha colaborado con un programa de tecnolog\u00eda agropecuaria para mejorar la investigaci\u00f3n, y otro de mejoramiento de semilla y un tercero de financiamiento para cooperativas que se dedican a la producci\u00f3n de semillas. Este apoyo del Banco Mundial durante estos cinco a\u00f1os asciende a unos 30 millones de d\u00f3lares, dijo el Ministro del Magfor.<\/p>\n<p>Durante su visita, el director de Banco Mundial conoci\u00f3 el Laboratorio de Biotecnolog\u00eda del CNIAB. \u00abMe complace ver que se ha mejorado mucho la capacidad de investigaci\u00f3n; est\u00e1n produciendo semillas cada vez mejores y m\u00e1s adaptadas a las necesidades de los productores, por eso esperamos seguir apoyando por un buen tiempo estos proyectos\u00bb, dijo Jaramillo.<\/p>\n","protected":false},"excerpt":{"rendered":"<p>Maricely Linarte La directora del Instituto Nicarag\u00fcense de Tecnolog\u00eda Agropecuaria (INTA), Dicho encuentro tuvo lugar en las instalaciones del Centro Nacional de Investigaciones Agropecuarias y Biotecnolog\u00eda (CNIAB) del INTA. \u00abHemos logrado que el Banco Mundial apoye nuevamente el sector agropecuario. Se est\u00e1 cerrando una etapa de los programas con el Banco Mundial que abrimos en [&hellip;]<\/p>\n","protected":false},"author":1,"featured_media":4963,"comment_status":"open","ping_status":"open","sticky":false,"template":"","format":"standard","meta":{"om_disable_all_campaigns":false,"_monsterinsights_skip_tracking":false,"_monsterinsights_sitenote_active":false,"_monsterinsights_sitenote_note":"","_monsterinsights_sitenote_category":0,"footnotes":""},"categories":[3,4],"tags":[],"class_list":["post-4962","post","type-post","status-publish","format-standard","has-post-thumbnail","hentry","category-nacionales","category-economia"],"aioseo_notices":[],"_links":{"self":[{"href":"https:\/\/elcronistadigital.com\/index.php?rest_route=\/wp\/v2\/posts\/4962","targetHints":{"allow":["GET"]}}],"collection":[{"href":"https:\/\/elcronistadigital.com\/index.php?rest_route=\/wp\/v2\/posts"}],"about":[{"href":"https:\/\/elcronistadigital.com\/index.php?rest_route=\/wp\/v2\/types\/post"}],"author":[{"embeddable":true,"href":"https:\/\/elcronistadigital.com\/index.php?rest_route=\/wp\/v2\/users\/1"}],"replies":[{"embeddable":true,"href":"https:\/\/elcronistadigital.com\/index.php?rest_route=%2Fwp%2Fv2%2Fcomments&post=4962"}],"version-history":[{"count":3,"href":"https:\/\/elcronistadigital.com\/index.php?rest_route=\/wp\/v2\/posts\/4962\/revisions"}],"predecessor-version":[{"id":4966,"href":"https:\/\/elcronistadigital.com\/index.php?rest_route=\/wp\/v2\/posts\/4962\/revisions\/4966"}],"wp:featuredmedia":[{"embeddable":true,"href":"https:\/\/elcronistadigital.com\/index.php?rest_route=\/wp\/v2\/media\/4963"}],"wp:attachment":[{"href":"https:\/\/elcronistadigital.com\/index.php?rest_route=%2Fwp%2Fv2%2Fmedia&parent=4962"}],"wp:term":[{"taxonomy":"category","embeddable":true,"href":"https:\/\/elcronistadigital.com\/index.php?rest_route=%2Fwp%2Fv2%2Fcategories&post=4962"},{"taxonomy":"post_tag","embeddable":true,"href":"https:\/\/elcronistadigital.com\/index.php?rest_route=%2Fwp%2Fv2%2Ftags&post=4962"}],"curies":[{"name":"wp","href":"https:\/\/api.w.org\/{rel}","templated":true}]}}