{"id":49665,"date":"2018-12-06T11:35:21","date_gmt":"2018-12-06T17:35:21","guid":{"rendered":"http:\/\/elcronistadigital.com\/?p=49665"},"modified":"2018-12-06T11:35:21","modified_gmt":"2018-12-06T17:35:21","slug":"director-medico-de-aproquen-en-congreso-de-la-sociedad-internacional-de-quemaduras","status":"publish","type":"post","link":"https:\/\/elcronistadigital.com\/?p=49665","title":{"rendered":"Director m\u00e9dico de Aproquen en Congreso de la Sociedad Internacional de Quemaduras"},"content":{"rendered":"<p><a href=\"https:\/\/elcronistadigital.com\/wp-content\/uploads\/2018\/12\/india.jpg\"><img loading=\"lazy\" decoding=\"async\" class=\"alignleft size-full wp-image-49666\" alt=\"india\" src=\"https:\/\/elcronistadigital.com\/wp-content\/uploads\/2018\/12\/india.jpg\" width=\"450\" height=\"301\" srcset=\"https:\/\/elcronistadigital.com\/wp-content\/uploads\/2018\/12\/india.jpg 450w, https:\/\/elcronistadigital.com\/wp-content\/uploads\/2018\/12\/india-300x200.jpg 300w, https:\/\/elcronistadigital.com\/wp-content\/uploads\/2018\/12\/india-342x228.jpg 342w\" sizes=\"auto, (max-width: 450px) 100vw, 450px\" \/><\/a>El Dr. Mario P\u00e9rez, director m\u00e9dico de APROQUEN, expuso en el Congreso Mundial de la Sociedad Internacional de Quemaduras (ISBI), el modelo de educaci\u00f3n continua del Programa Regional de Atenci\u00f3n, Rehabilitaci\u00f3n, Capacitaci\u00f3n y Prevenci\u00f3n de Ni\u00f1os Quemados en Centroam\u00e9rica, uno de los pocos en el mundo de esta \u00edndole, el que es apoyado por el Banco Centroamericano de Integraci\u00f3n Econ\u00f3mica (BCIE).<\/p>\n<p>Una experiencia que permite mejorar la atenci\u00f3n del paciente quemado en los pa\u00edses en desarrollo.<\/p>\n<p>Gracias al apoyo del Banco Centroamericano de Integraci\u00f3n Econ\u00f3mica (BCIE), estamos participando en el XIX Congreso Mundial de la Sociedad Internacional de Quemaduras (ISBI) en Nueva Delhi, India.<\/p>\n","protected":false},"excerpt":{"rendered":"<p>El Dr. Mario P\u00e9rez, director m\u00e9dico de APROQUEN, expuso en el Congreso Mundial de la Sociedad Internacional de Quemaduras (ISBI), el modelo de educaci\u00f3n continua del Programa Regional de Atenci\u00f3n, Rehabilitaci\u00f3n, Capacitaci\u00f3n y Prevenci\u00f3n de Ni\u00f1os Quemados en Centroam\u00e9rica, uno de los pocos en el mundo de esta \u00edndole, el que es apoyado por el [&hellip;]<\/p>\n","protected":false},"author":1,"featured_media":49666,"comment_status":"open","ping_status":"open","sticky":false,"template":"","format":"standard","meta":{"om_disable_all_campaigns":false,"_monsterinsights_skip_tracking":false,"_monsterinsights_sitenote_active":false,"_monsterinsights_sitenote_note":"","_monsterinsights_sitenote_category":0,"footnotes":""},"categories":[3,7],"tags":[],"class_list":["post-49665","post","type-post","status-publish","format-standard","has-post-thumbnail","hentry","category-nacionales","category-salud-y-belleza"],"aioseo_notices":[],"_links":{"self":[{"href":"https:\/\/elcronistadigital.com\/index.php?rest_route=\/wp\/v2\/posts\/49665","targetHints":{"allow":["GET"]}}],"collection":[{"href":"https:\/\/elcronistadigital.com\/index.php?rest_route=\/wp\/v2\/posts"}],"about":[{"href":"https:\/\/elcronistadigital.com\/index.php?rest_route=\/wp\/v2\/types\/post"}],"author":[{"embeddable":true,"href":"https:\/\/elcronistadigital.com\/index.php?rest_route=\/wp\/v2\/users\/1"}],"replies":[{"embeddable":true,"href":"https:\/\/elcronistadigital.com\/index.php?rest_route=%2Fwp%2Fv2%2Fcomments&post=49665"}],"version-history":[{"count":1,"href":"https:\/\/elcronistadigital.com\/index.php?rest_route=\/wp\/v2\/posts\/49665\/revisions"}],"predecessor-version":[{"id":49667,"href":"https:\/\/elcronistadigital.com\/index.php?rest_route=\/wp\/v2\/posts\/49665\/revisions\/49667"}],"wp:featuredmedia":[{"embeddable":true,"href":"https:\/\/elcronistadigital.com\/index.php?rest_route=\/wp\/v2\/media\/49666"}],"wp:attachment":[{"href":"https:\/\/elcronistadigital.com\/index.php?rest_route=%2Fwp%2Fv2%2Fmedia&parent=49665"}],"wp:term":[{"taxonomy":"category","embeddable":true,"href":"https:\/\/elcronistadigital.com\/index.php?rest_route=%2Fwp%2Fv2%2Fcategories&post=49665"},{"taxonomy":"post_tag","embeddable":true,"href":"https:\/\/elcronistadigital.com\/index.php?rest_route=%2Fwp%2Fv2%2Ftags&post=49665"}],"curies":[{"name":"wp","href":"https:\/\/api.w.org\/{rel}","templated":true}]}}