{"id":4972,"date":"2012-01-23T16:48:51","date_gmt":"2012-01-23T22:48:51","guid":{"rendered":"http:\/\/elcronistadigital.com\/?p=4972"},"modified":"2012-01-23T16:48:51","modified_gmt":"2012-01-23T22:48:51","slug":"el-sol-esta-bombardeando-a-la-tierra","status":"publish","type":"post","link":"https:\/\/elcronistadigital.com\/?p=4972","title":{"rendered":"El Sol est\u00e1 bombardeando a la Tierra"},"content":{"rendered":"<p><a rel=\"attachment wp-att-4973\" href=\"https:\/\/elcronistadigital.com\/?attachment_id=4973\"><img loading=\"lazy\" decoding=\"async\" class=\"alignleft size-medium wp-image-4973\" title=\"Tormenta solar\" src=\"https:\/\/elcronistadigital.com\/wp-content\/uploads\/2012\/01\/Tormenta-solar-300x243.jpg\" alt=\"\" width=\"300\" height=\"243\" srcset=\"https:\/\/elcronistadigital.com\/wp-content\/uploads\/2012\/01\/Tormenta-solar-300x243.jpg 300w, https:\/\/elcronistadigital.com\/wp-content\/uploads\/2012\/01\/Tormenta-solar-342x278.jpg 342w, https:\/\/elcronistadigital.com\/wp-content\/uploads\/2012\/01\/Tormenta-solar.jpg 433w\" sizes=\"auto, (max-width: 300px) 100vw, 300px\" \/><\/a><br \/>\nEl Sol est\u00e1 bombardeando la Tierra con radiaci\u00f3n proveniente de la erupci\u00f3n solar m\u00e1s grande en m\u00e1s de seis a\u00f1os y se anticipa que el proceso continuar\u00e1 hasta mediados de semana.<\/p>\n<p>La erupci\u00f3n solar ocurri\u00f3 la madrugada del lunes y la radiaci\u00f3n est\u00e1 impactando en nuestro planeta con tres efectos distintos en tres momentos diferentes, dijo el Centro de Predicci\u00f3n de Meteorolog\u00eda Espacial de la Administraci\u00f3n Nacional del Oc\u00e9ano y la Atm\u00f3sfera (NOAA).<\/p>\n<p>La radiaci\u00f3n incide sobre todo en los sat\u00e9lites y los astronautas en el espacio. Puede causar problemas de comunicaci\u00f3n a los aviones en vuelos traspolares, dijo un f\u00edsico del Centro, Doug Biesecker.<\/p>\n<p>Continuar\u00e1 hasta ma\u00f1ana<\/p>\n<p>La radiaci\u00f3n de la tormenta del domingo lleg\u00f3 a la Tierra una hora despu\u00e9s y probablemente continuar\u00e1 hasta el mi\u00e9rcoles. Los niveles son considerados intensos, pero ha habido otras tormentas m\u00e1s fuertes. Es la m\u00e1s intensa en cuanto a radiaci\u00f3n desde mayo de 2005.<\/p>\n<p>La radiaci\u00f3n -en forma de protones- llega desde el Sol a 150 millones de kil\u00f3metros (93 millones de millas) por hora. \u00abTodo el volumen del espacio entre aqu\u00ed y J\u00fapiter est\u00e1 lleno de protones y uno no se libera de ellos as\u00ed nom\u00e1s\u00bb, coment\u00f3 Biesecker. Es por eso que los efectos se prolongar\u00e1n un par de d\u00edas.<\/p>\n<p>Cirujanos espaciales y expertos solares de la NASA estudiaron los posibles efectos y determinaron que los seis astronautas que est\u00e1n en la Estaci\u00f3n Internacional Espacial en \u00f3rbita no necesitan hacer nada para protegerse de la radiaci\u00f3n, inform\u00f3 el vocero Rob Navias.<\/p>\n<p>M\u00e1s veloz que las anteriores<\/p>\n<p>La erupci\u00f3n solar es seguida de tres movimientos, explic\u00f3 Antti Pulkkinen, f\u00edsico de la NASA en Maryland y en la Universidad Cat\u00f3lica.<\/p>\n<p>Primero se produce la radiaci\u00f3n electromagn\u00e9tica. Despu\u00e9s se emiten los protones. Finalmente se desprende el plasma de la superficie solar, que suele viajar a 1,6 a 3,2 millones de kil\u00f3metros (1 a 2 millones de millas) por hora, pero esta tormenta es particularmente veloz y despide a 6,4 millones de kil\u00f3metros (4 millones de millas) por hora, dijo Biesecker.<\/p>\n<p>Es el plasma el que causa buena parte de los problemas en Tierra, como apagones. En 1989, una tormenta solar caus\u00f3 un apag\u00f3n masivo en Quebec. Este desprendimiento probablemente ser\u00e1 moderado, aunque con la posibilidad de intensificarse, agreg\u00f3.<\/p>\n","protected":false},"excerpt":{"rendered":"<p>El Sol est\u00e1 bombardeando la Tierra con radiaci\u00f3n proveniente de la erupci\u00f3n solar m\u00e1s grande en m\u00e1s de seis a\u00f1os y se anticipa que el proceso continuar\u00e1 hasta mediados de semana. La erupci\u00f3n solar ocurri\u00f3 la madrugada del lunes y la radiaci\u00f3n est\u00e1 impactando en nuestro planeta con tres efectos distintos en tres momentos diferentes, [&hellip;]<\/p>\n","protected":false},"author":1,"featured_media":4973,"comment_status":"open","ping_status":"open","sticky":false,"template":"","format":"standard","meta":{"om_disable_all_campaigns":false,"_monsterinsights_skip_tracking":false,"_monsterinsights_sitenote_active":false,"_monsterinsights_sitenote_note":"","_monsterinsights_sitenote_category":0,"footnotes":""},"categories":[13],"tags":[],"class_list":["post-4972","post","type-post","status-publish","format-standard","has-post-thumbnail","hentry","category-portada"],"aioseo_notices":[],"_links":{"self":[{"href":"https:\/\/elcronistadigital.com\/index.php?rest_route=\/wp\/v2\/posts\/4972","targetHints":{"allow":["GET"]}}],"collection":[{"href":"https:\/\/elcronistadigital.com\/index.php?rest_route=\/wp\/v2\/posts"}],"about":[{"href":"https:\/\/elcronistadigital.com\/index.php?rest_route=\/wp\/v2\/types\/post"}],"author":[{"embeddable":true,"href":"https:\/\/elcronistadigital.com\/index.php?rest_route=\/wp\/v2\/users\/1"}],"replies":[{"embeddable":true,"href":"https:\/\/elcronistadigital.com\/index.php?rest_route=%2Fwp%2Fv2%2Fcomments&post=4972"}],"version-history":[{"count":3,"href":"https:\/\/elcronistadigital.com\/index.php?rest_route=\/wp\/v2\/posts\/4972\/revisions"}],"predecessor-version":[{"id":4976,"href":"https:\/\/elcronistadigital.com\/index.php?rest_route=\/wp\/v2\/posts\/4972\/revisions\/4976"}],"wp:featuredmedia":[{"embeddable":true,"href":"https:\/\/elcronistadigital.com\/index.php?rest_route=\/wp\/v2\/media\/4973"}],"wp:attachment":[{"href":"https:\/\/elcronistadigital.com\/index.php?rest_route=%2Fwp%2Fv2%2Fmedia&parent=4972"}],"wp:term":[{"taxonomy":"category","embeddable":true,"href":"https:\/\/elcronistadigital.com\/index.php?rest_route=%2Fwp%2Fv2%2Fcategories&post=4972"},{"taxonomy":"post_tag","embeddable":true,"href":"https:\/\/elcronistadigital.com\/index.php?rest_route=%2Fwp%2Fv2%2Ftags&post=4972"}],"curies":[{"name":"wp","href":"https:\/\/api.w.org\/{rel}","templated":true}]}}