{"id":4977,"date":"2012-01-23T17:02:20","date_gmt":"2012-01-23T23:02:20","guid":{"rendered":"http:\/\/elcronistadigital.com\/?p=4977"},"modified":"2012-01-23T17:03:08","modified_gmt":"2012-01-23T23:03:08","slug":"claves-de-la-visita-papal-a-mexico","status":"publish","type":"post","link":"https:\/\/elcronistadigital.com\/?p=4977","title":{"rendered":"Claves de la visita papal a M\u00e9xico"},"content":{"rendered":"<p><a rel=\"attachment wp-att-4978\" href=\"https:\/\/elcronistadigital.com\/?attachment_id=4978\"><img loading=\"lazy\" decoding=\"async\" class=\"alignleft size-medium wp-image-4978\" title=\"benedicto_xvi\" src=\"https:\/\/elcronistadigital.com\/wp-content\/uploads\/2012\/01\/benedicto_xvi-300x256.jpg\" alt=\"\" width=\"300\" height=\"256\" srcset=\"https:\/\/elcronistadigital.com\/wp-content\/uploads\/2012\/01\/benedicto_xvi-300x256.jpg 300w, https:\/\/elcronistadigital.com\/wp-content\/uploads\/2012\/01\/benedicto_xvi-342x291.jpg 342w, https:\/\/elcronistadigital.com\/wp-content\/uploads\/2012\/01\/benedicto_xvi-234x200.jpg 234w, https:\/\/elcronistadigital.com\/wp-content\/uploads\/2012\/01\/benedicto_xvi.jpg 450w\" sizes=\"auto, (max-width: 300px) 100vw, 300px\" \/><\/a>Rub\u00e9n Aguilar Valenzuela<br \/>\nEl Papa Benedicto XVI decidi\u00f3 visitar M\u00e9xico, despu\u00e9s de seis a\u00f1os a la cabeza de la Iglesia Cat\u00f3lica. Lo hace con retraso si se toma en cuenta que la mexicana es la segunda catolicidad del mundo, s\u00f3lo despu\u00e9s de la brasile\u00f1a -primer lugar-, pa\u00eds al que visit\u00f3 en mayo del 2007 cuando asisti\u00f3 a la V Asamblea General del Episcopado Latinoamericano, en la ciudad de Aparecida.<br \/>\nLos obispos del \u00e1rea, en particular de M\u00e9xico, han invitado al Papa en muy diversas ocasiones y siempre de la Santa Sede han recibido como respuesta: \u00abEl Santo Padre agradece estas muestras de afecto y amor hacia su persona pero, debido a su avanzada edad, no es posible aceptar estas invitaciones\u00bb. Es sabido que la respuesta nunca ha sido bien recibida.<br \/>\nDe los 1,000 millones de cat\u00f3licos que existen en el mundo, la mitad se encuentra en Am\u00e9rica Latina.<\/p>\n<p>Es, pues, una regi\u00f3n fundamental para la Iglesia. El Papa hasta ahora no ha reconocido esta realidad y la regi\u00f3n no ha estado dentro de sus prioridades. En m\u00e1s de una ocasi\u00f3n ha dicho que lo m\u00e1s importante es la \u00abnueva evangelizaci\u00f3n\u00bb de Europa y \u00c1frica. En su visi\u00f3n, Europa va en camino hacia la secularizaci\u00f3n y los cat\u00f3licos en \u00c1frica son desplazados e incluso perseguidos por la creciente penetraci\u00f3n del Islam.<br \/>\nEl Papa en Aparecida, en su primera y \u00faltima visita a la regi\u00f3n, no entendi\u00f3 la visi\u00f3n que se ten\u00eda aqu\u00ed de la Iglesia y dijo: \u00abLa evangelizaci\u00f3n en Am\u00e9rica Latina no supuso una alienaci\u00f3n de las culturas precolombinas ni fue una imposici\u00f3n\u00bb, contrario a lo que hab\u00eda reconocido Juan Pablo II, cuando en 1992 pidi\u00f3 perd\u00f3n \u00abpor los errores cometidos en la evangelizaci\u00f3n del continente americano\u00bb. Su declaraci\u00f3n fue motivo de muchas cr\u00edticas de los mismos creyentes.<br \/>\nAl llegar a Roma tuvo que corregir su afirmaci\u00f3n y dijo entonces: \u00abNo se pueden ignorar las sombras de la evangelizaci\u00f3n en Latinoam\u00e9rica ni los sufrimientos y las injusticias infligidas a sus poblaciones&#8230;\u00bb. Algunos estudiosos piensan el Papa entendi\u00f3, por fin, la importancia que Am\u00e9rica Latina tiene para la Iglesia Cat\u00f3lica toda. Indican que la visita a M\u00e9xico y Cuba supone un cambio de la pol\u00edtica del Papa.<br \/>\nOtros especialistas dicen que el Papa no quer\u00eda venir a M\u00e9xico por el esc\u00e1ndalo de los Legionarios de Cristo y Marcial Maciel, que fue protegido por Juan Pablo II. Recuerdan que fue el cardenal Ratzinger quien, como lo indica el portavoz del Vaticano, \u00aba la cabeza de la Congregaci\u00f3n de la Doctrina de la Fe, hizo avanzar el proceso contra el fundador de los Legionarios de Cristo hasta llegar a establecer con certeza su culpa\u00bb. Y al llegar al papado, lo obliga a salir de Roma y enclaustrarse en Cotija, Michoac\u00e1n. El Papa, eso es lo que parece, entendi\u00f3 ya la importancia de la regi\u00f3n para la Iglesia y que va a empezar actuar en consecuencia. Ya veremos.<\/p>\n","protected":false},"excerpt":{"rendered":"<p>Rub\u00e9n Aguilar Valenzuela El Papa Benedicto XVI decidi\u00f3 visitar M\u00e9xico, despu\u00e9s de seis a\u00f1os a la cabeza de la Iglesia Cat\u00f3lica. Lo hace con retraso si se toma en cuenta que la mexicana es la segunda catolicidad del mundo, s\u00f3lo despu\u00e9s de la brasile\u00f1a -primer lugar-, pa\u00eds al que visit\u00f3 en mayo del 2007 cuando [&hellip;]<\/p>\n","protected":false},"author":1,"featured_media":4978,"comment_status":"open","ping_status":"open","sticky":false,"template":"","format":"standard","meta":{"om_disable_all_campaigns":false,"_monsterinsights_skip_tracking":false,"_monsterinsights_sitenote_active":false,"_monsterinsights_sitenote_note":"","_monsterinsights_sitenote_category":0,"footnotes":""},"categories":[5],"tags":[],"class_list":["post-4977","post","type-post","status-publish","format-standard","has-post-thumbnail","hentry","category-mundo"],"aioseo_notices":[],"_links":{"self":[{"href":"https:\/\/elcronistadigital.com\/index.php?rest_route=\/wp\/v2\/posts\/4977","targetHints":{"allow":["GET"]}}],"collection":[{"href":"https:\/\/elcronistadigital.com\/index.php?rest_route=\/wp\/v2\/posts"}],"about":[{"href":"https:\/\/elcronistadigital.com\/index.php?rest_route=\/wp\/v2\/types\/post"}],"author":[{"embeddable":true,"href":"https:\/\/elcronistadigital.com\/index.php?rest_route=\/wp\/v2\/users\/1"}],"replies":[{"embeddable":true,"href":"https:\/\/elcronistadigital.com\/index.php?rest_route=%2Fwp%2Fv2%2Fcomments&post=4977"}],"version-history":[{"count":4,"href":"https:\/\/elcronistadigital.com\/index.php?rest_route=\/wp\/v2\/posts\/4977\/revisions"}],"predecessor-version":[{"id":4982,"href":"https:\/\/elcronistadigital.com\/index.php?rest_route=\/wp\/v2\/posts\/4977\/revisions\/4982"}],"wp:featuredmedia":[{"embeddable":true,"href":"https:\/\/elcronistadigital.com\/index.php?rest_route=\/wp\/v2\/media\/4978"}],"wp:attachment":[{"href":"https:\/\/elcronistadigital.com\/index.php?rest_route=%2Fwp%2Fv2%2Fmedia&parent=4977"}],"wp:term":[{"taxonomy":"category","embeddable":true,"href":"https:\/\/elcronistadigital.com\/index.php?rest_route=%2Fwp%2Fv2%2Fcategories&post=4977"},{"taxonomy":"post_tag","embeddable":true,"href":"https:\/\/elcronistadigital.com\/index.php?rest_route=%2Fwp%2Fv2%2Ftags&post=4977"}],"curies":[{"name":"wp","href":"https:\/\/api.w.org\/{rel}","templated":true}]}}