{"id":4995,"date":"2012-01-25T13:30:07","date_gmt":"2012-01-25T19:30:07","guid":{"rendered":"http:\/\/elcronistadigital.com\/?p=4995"},"modified":"2012-01-25T13:30:07","modified_gmt":"2012-01-25T19:30:07","slug":"%e2%80%9ca-nadie-le-gustaran-protestas-sociales-que-vendran%e2%80%9d","status":"publish","type":"post","link":"https:\/\/elcronistadigital.com\/?p=4995","title":{"rendered":"\u201cA nadie le gustar\u00e1n protestas sociales que vendr\u00e1n\u201d"},"content":{"rendered":"<p><a rel=\"attachment wp-att-4996\" href=\"https:\/\/elcronistadigital.com\/?attachment_id=4996\"><img loading=\"lazy\" decoding=\"async\" class=\"alignleft size-medium wp-image-4996\" title=\"desigualdad\" src=\"https:\/\/elcronistadigital.com\/wp-content\/uploads\/2012\/01\/desigualdad-300x224.jpg\" alt=\"\" width=\"300\" height=\"224\" srcset=\"https:\/\/elcronistadigital.com\/wp-content\/uploads\/2012\/01\/desigualdad-300x224.jpg 300w, https:\/\/elcronistadigital.com\/wp-content\/uploads\/2012\/01\/desigualdad-342x256.jpg 342w, https:\/\/elcronistadigital.com\/wp-content\/uploads\/2012\/01\/desigualdad-60x45.jpg 60w, https:\/\/elcronistadigital.com\/wp-content\/uploads\/2012\/01\/desigualdad-150x113.jpg 150w, https:\/\/elcronistadigital.com\/wp-content\/uploads\/2012\/01\/desigualdad-269x201.jpg 269w, https:\/\/elcronistadigital.com\/wp-content\/uploads\/2012\/01\/desigualdad.jpg 350w\" sizes=\"auto, (max-width: 300px) 100vw, 300px\" \/><\/a>Los m\u00e1s ricos y poderosos del mundo comienzan a abordar el tema de la desigualdad. Ese ser\u00e1 uno de los ejes principales sobre los que girar\u00e1 el Foro de Davos de este a\u00f1o. As\u00ed lo se\u00f1alan los analistas y tambi\u00e9n un informe de la propia organizaci\u00f3n en el que se identifica la disparidad en los ingresos como una amenaza para la estabilidad econ\u00f3mica y social.<\/p>\n<p>Cuando la ola de indignados se extendi\u00f3 desde Espa\u00f1a a Grecia, Reino Unido, Israel, B\u00e9lgica y Estados Unidos, surgi\u00f3 el interrogante de qu\u00e9 efecto tangible tendr\u00eda su mensaje. Hoy, a casi un a\u00f1o del 15-M, el tema de la desigualdad ocupa el centro del debate pol\u00edtico y econ\u00f3mico en el Foro Econ\u00f3mico Mundial.<\/p>\n<p>Entre los principales reclamos que surgieron en la Puerta del Sol de Madrid, la Catedral de Saint Paul en Londres, o en Wall Street siempre estuvo la inequidad. Y como blanco preferido siempre aparec\u00edan los banqueros.<\/p>\n<p>El foro anual de Davos re\u00fane anualmente a las personalidades de la pol\u00edtica, la econom\u00eda, la empresa y los sindicatos a nivel mundial.<\/p>\n<p>Pero, \u00bfqu\u00e9 ha cambiado para que el debate haya girado hacia una problem\u00e1tica social? \u00abLas crecientes desigualdades eran vistas como el precio necesario de una prosperidad global que crec\u00eda\u00bb, sostiene Robert Peston, Editor de Econom\u00eda de BBC.<\/p>\n<p>\u00abLas crecientes desigualdades eran vistas como el precio necesario de una prosperidad global que crec\u00eda\u00bb<\/p>\n<p>El propio director del Banco de Inglaterra, Mervyn King, se\u00f1al\u00f3 la percepci\u00f3n de injusticia sobre que los adinerados banqueros que causaron el desastre est\u00e9n en sus puestos, mientras que aquellos con ingresos promedio o por debajo del promedio paguen el costo de la crisis, recuerda Preston.<\/p>\n<p>Preocupaci\u00f3n global<\/p>\n<p>Del otro lado del Atl\u00e1ntico tambi\u00e9n hubo discursos que sintonizan con este debate por la igualdad. \u00abPodemos conformarnos con un pa\u00eds donde un n\u00famero cada vez menor de gente tiene mucho \u00e9xito, mientras que m\u00e1s estadounidenses apenas cubren sus gastos. O podemos crear una naci\u00f3n donde todos tengan una oportunidad justa\u00bb, lanz\u00f3 el presidente de Estados Unidos, Barack Obama, en el discurso sobre el estado de la Uni\u00f3n, pronunciado el martes.<\/p>\n<p>Obama puso a una secretaria de 55 a\u00f1os en el centro de su alocuci\u00f3n. De hecho, la sent\u00f3 en un sitio privilegiado, al lado de la primera dama, que en alguna oportunidad ocup\u00f3 el presidente de la Reserva Federal. Quiz\u00e1s espere que los manifestantes de \u00abOcupa Wall Street\u00bb noten el cambio.<\/p>\n<p>Y la elecci\u00f3n de una persona com\u00fan y corriente que paga sus impuestos tambi\u00e9n tiene que ver con el debate que est\u00e1 habiendo en EE.UU. por el tipo que tributan ricos y poderosos.<\/p>\n<p>El ejemplo m\u00e1s reciente es el del precandidato republicano a la presidencia Mitt Romney, quien paga proporcionalmente mucho menos que la mayor\u00eda de sus conciudadanos. En el \u00faltimo a\u00f1o pag\u00f3 una tasa de poco menos de 14%. El estadounidense promedio paga alrededor de 11%, pero la tasa m\u00e1xima es 35%.<\/p>\n<p>El propio magnate Warren Buffet dijo en reiteradas oportunidades que la tasa tributaria es injusta y se deber\u00eda cambiar porque \u00e9l paga en proporci\u00f3n mucho menos que su secretaria.<\/p>\n<p>Impuestos regresivos<\/p>\n<p>De la misma forma piensa Bill Gates. El fundador de Microsoft, entrevistado por la BBC, tambi\u00e9n est\u00e1 de acuerdo en que le suban los impuestos. \u00abEstoy de acuerdo en que suban m\u00e1s para los ricos que para el resto, eso es simplemente justicia\u00bb, manifest\u00f3.<\/p>\n<p>Al fin y al cabo, el debate es el mismo en todo el mundo, y la resistencia a reconocer las demandas del 99% van venciendo la resistencia del 1% que m\u00e1s riqueza acumula. Sin ir m\u00e1s lejos, el a\u00f1o pasado el director de JP Morgan, Jamie Dimon, ensay\u00f3 una defensa de los banqueros frente a las cr\u00edticas que recib\u00edan y cosech\u00f3 aplausos en Davos por ello. Hoy es dif\u00edcil imaginar que alguien intente algo por el estilo.<\/p>\n<p>Las primeras declaraciones de los asistentes van en sentido contrario. \u00abCreo que tenemos tres o cuatro a\u00f1os en Occidente para mejorar el modelo econ\u00f3mico que tenemos, si no lo hacemos habremos perdido el juego\u00bb, advirti\u00f3 David Rubinstein, director del fondo de inversiones Carlyle, seg\u00fan informa AFP.<\/p>\n<p>En el mismo sentido se expresaba Sharan Burrow, secretaria general de la Confederaci\u00f3n Sindical Internacional, quien inst\u00f3 a las corporaciones y gobiernos a trabajar junto a los trabajadores para desarrollar un nuevo modelo econ\u00f3mico.<\/p>\n<p>Burrow tambi\u00e9n advirti\u00f3 sobre las consecuencias que podr\u00eda tener no solucionar los desequilibrios de la econom\u00eda real a la que \u00ablos mercados est\u00e1n matando\u00bb. Y en su advertencia quiz\u00e1s est\u00e9 la clave de porqu\u00e9 Davos debate la desigualdad. \u00abA nadie le gustar\u00e1n las protestas sociales que vendr\u00e1n\u00bb.<\/p>\n","protected":false},"excerpt":{"rendered":"<p>Los m\u00e1s ricos y poderosos del mundo comienzan a abordar el tema de la desigualdad. Ese ser\u00e1 uno de los ejes principales sobre los que girar\u00e1 el Foro de Davos de este a\u00f1o. As\u00ed lo se\u00f1alan los analistas y tambi\u00e9n un informe de la propia organizaci\u00f3n en el que se identifica la disparidad en los [&hellip;]<\/p>\n","protected":false},"author":1,"featured_media":4996,"comment_status":"open","ping_status":"open","sticky":false,"template":"","format":"standard","meta":{"om_disable_all_campaigns":false,"_monsterinsights_skip_tracking":false,"_monsterinsights_sitenote_active":false,"_monsterinsights_sitenote_note":"","_monsterinsights_sitenote_category":0,"footnotes":""},"categories":[13],"tags":[],"class_list":["post-4995","post","type-post","status-publish","format-standard","has-post-thumbnail","hentry","category-portada"],"aioseo_notices":[],"_links":{"self":[{"href":"https:\/\/elcronistadigital.com\/index.php?rest_route=\/wp\/v2\/posts\/4995","targetHints":{"allow":["GET"]}}],"collection":[{"href":"https:\/\/elcronistadigital.com\/index.php?rest_route=\/wp\/v2\/posts"}],"about":[{"href":"https:\/\/elcronistadigital.com\/index.php?rest_route=\/wp\/v2\/types\/post"}],"author":[{"embeddable":true,"href":"https:\/\/elcronistadigital.com\/index.php?rest_route=\/wp\/v2\/users\/1"}],"replies":[{"embeddable":true,"href":"https:\/\/elcronistadigital.com\/index.php?rest_route=%2Fwp%2Fv2%2Fcomments&post=4995"}],"version-history":[{"count":3,"href":"https:\/\/elcronistadigital.com\/index.php?rest_route=\/wp\/v2\/posts\/4995\/revisions"}],"predecessor-version":[{"id":4999,"href":"https:\/\/elcronistadigital.com\/index.php?rest_route=\/wp\/v2\/posts\/4995\/revisions\/4999"}],"wp:featuredmedia":[{"embeddable":true,"href":"https:\/\/elcronistadigital.com\/index.php?rest_route=\/wp\/v2\/media\/4996"}],"wp:attachment":[{"href":"https:\/\/elcronistadigital.com\/index.php?rest_route=%2Fwp%2Fv2%2Fmedia&parent=4995"}],"wp:term":[{"taxonomy":"category","embeddable":true,"href":"https:\/\/elcronistadigital.com\/index.php?rest_route=%2Fwp%2Fv2%2Fcategories&post=4995"},{"taxonomy":"post_tag","embeddable":true,"href":"https:\/\/elcronistadigital.com\/index.php?rest_route=%2Fwp%2Fv2%2Ftags&post=4995"}],"curies":[{"name":"wp","href":"https:\/\/api.w.org\/{rel}","templated":true}]}}