{"id":500,"date":"2011-02-09T23:04:56","date_gmt":"2011-02-09T23:04:56","guid":{"rendered":"http:\/\/elcronistadigital.com\/?p=500"},"modified":"2011-06-01T23:06:00","modified_gmt":"2011-06-01T23:06:00","slug":"confirmados-130-poetas-de-51-paises-en-festival-de-poesia-nicaragua","status":"publish","type":"post","link":"https:\/\/elcronistadigital.com\/?p=500","title":{"rendered":"Confirmados 130 poetas de 51 pa\u00edses en festival de poes\u00eda Nicaragua"},"content":{"rendered":"<div class=\"art-article\" style=\"text-align: justify;\">\n<p><span>\u00a0<\/span>\u00a0<\/p>\n<div class=\"img_caption none\" style=\"width: 300px;\"><a href=\"https:\/\/elcronistadigital.com\/wp-content\/uploads\/2011\/06\/Claribel-Alegr\u00c3\u00ada.jpg\"><img loading=\"lazy\" decoding=\"async\" class=\"alignleft size-full wp-image-501\" title=\"Claribel-Alegr\u00c3\u00ada\" src=\"https:\/\/elcronistadigital.com\/wp-content\/uploads\/2011\/06\/Claribel-Alegr\u00c3\u00ada.jpg\" alt=\"\" width=\"300\" height=\"200\" \/><\/a>\u00a0<\/div>\n<p class=\"img_caption\">La poetisa Claribel Alegr\u00eda.<\/p>\n<\/div>\n<p style=\"text-align: justify;\">Al menos 130 poetas de 51 pa\u00edses asistir\u00e1n al VII Festival Internacional de Poes\u00eda que se realizar\u00e1 del 13 al 20 de febrero en la ciudad colonial de Granada, Nicaragua, informaron ayer fuentes del comit\u00e9 organizador.\u00a0<\/p>\n<p style=\"text-align: justify;\">\u00a0Arnulfo Ag\u00fcero, portavoz del evento, dijo a dpa que estar\u00e1 dedicado este a\u00f1o a la poeta Claribel Alegr\u00eda (1924) y se celebrar\u00e1 bajo el lema \u00abLa poes\u00eda es el reino de la imaginaci\u00f3n y el m\u00e1s feliz y doloroso testimonio del ser humano sobre la tierra\u00bb.<\/p>\n<p style=\"text-align: justify;\">Indic\u00f3 que la jornada arranca la noche del domingo en Granada, 45 kil\u00f3metros al este de Managua, inaugurada por el poeta Francisco de As\u00eds Fern\u00e1ndez, predidente del Festival, y por el embajador de la Uni\u00f3n Europea para Centroam\u00e9rica, Mendel Goldstein.<\/p>\n<p style=\"text-align: justify;\">Como todos los a\u00f1os, los artistas leer\u00e1n sus poemas en los parques, mercados, conventos e iglesias de Granada, 45 kil\u00f3metros al este de Managua, donde tambi\u00e9n habr\u00e1 recitales de m\u00fasica, talleres literarios, ferias de artesan\u00edas y expoventas de pinturas y libros.<\/p>\n<p style=\"text-align: justify;\">Los poetas partipar\u00e1n adem\u00e1s en el singular carnaval po\u00e9tico y desfile de comparsas, que este a\u00f1o llevar\u00e1 por nombre \u00abEntierro de las tristezas y pobrezas del alma\u00bb, con la participaci\u00f3n de m\u00e1s de 1.200 bailarines de grupos folcl\u00f3ricos y tradicionales, dijo Ag\u00fcero.<\/p>\n<p style=\"text-align: justify;\">Tambi\u00e9n est\u00e1n previstos conciertos de los hermanos Carlos y Luis Enrique Mej\u00eda Godoy, Katia Cardenal, Norma Elena Gadea, la banda rockera Cuneta Son Machin y los folkloristas Hijos del Son.<\/p>\n<p style=\"text-align: justify;\">Algunos de los confirmados<\/p>\n<p style=\"text-align: justify;\">Hasta ahora han confirmado su presencia 130 de los 150 poetas invitados, entre ellos los espa\u00f1oles Juan Carlos Abril, Ana Rossetti y Rafael Soler, los argentinos Jorge Fondebrider y Hugo Mujica, el colombiano Dar\u00edo Jaramillo, el peruano Marco Martos, l uruguaya Melisa Machado, as\u00ed como los mexicanos Lina Zeron y Mario Bojorquez.<\/p>\n<p style=\"text-align: justify;\">Asistir\u00e1n tambi\u00e9n Tom Shulz y Michael Augustin (Alemania), Forrest Gander (Estados Unidos), Jean Mar Desgent (Canad\u00e1), Lisa Mayer (Austria), los dominicanos Basilio Belliard y Mateo Morrison, y los cubanos Alex Fleites y V\u00edctor Rodr\u00edguez N\u00fa\u00f1ez, entre otros.<\/p>\n<p style=\"text-align: justify;\">Entre los 66 centroamericanos invitados figuran Ricardo Mar\u00edn y Luis Diego Mora (Costa Rica), Ana Mar\u00eda Rodas y Eduardo Villalobos (Guatemala), Luis Avarenga y Jorge Gal\u00e1n (El Salvador), Marco Tulio del Arca (Honduras) y Magdalena Carrasco (Panam\u00e1).<\/p>\n<p style=\"text-align: justify;\">La delegaci\u00f3n de Nicaragua la integran 47 poetas, entre ellos Ernesto Cardenal, Gioconda Belli, Julio Valle, Fernando Silva, Vidaluz Meneses y la propia Claribel Alegr\u00eda, que en el marco del evento presentar\u00e1 su nueva antolog\u00eda \u00abP\u00e1jaros encendidos\u00bb.<\/p>\n<p style=\"text-align: justify;\">Autora de premiadas obras de poes\u00eda, as\u00ed como de ensayos y cuentos, Alegr\u00eda recibi\u00f3 el a\u00f1o pasado la Orden al M\u00e9rito Docente y Cultural \u00abGabriela Mistral\u00bb por parte del gobierno de Chile.<\/p>\n<p style=\"text-align: justify;\">En 2004 el gobierno franc\u00e9s la condecor\u00f3 con la Orden \u00abCaballero de las artes y las letras\u00bb y en 2006 recibi\u00f3 el Premio Internacional de Literatura de la Fundaci\u00f3n Neustadt de Estados Unidos.<\/p>\n<p style=\"text-align: justify;\">Durante el VII Festival se exhibir\u00e1 tambi\u00e9n el libro \u00abCrimen perfecto\u00bb, de Francisco de As\u00eds Fern\u00e1ndez, presentado por los espa\u00f1oles Francisco Javier Torres, director de La Editorial Espa\u00f1ola E.D.A Libros Norte y Sur, y el prologuista Jos\u00e9 Luis Reyna Palaz\u00f3n.<\/p>\n<p style=\"text-align: justify;\">\u00a0<\/p>\n","protected":false},"excerpt":{"rendered":"<p>\u00a0\u00a0 \u00a0 La poetisa Claribel Alegr\u00eda. Al menos 130 poetas de 51 pa\u00edses asistir\u00e1n al VII Festival Internacional de Poes\u00eda que se realizar\u00e1 del 13 al 20 de febrero en la ciudad colonial de Granada, Nicaragua, informaron ayer fuentes del comit\u00e9 organizador.\u00a0 \u00a0Arnulfo Ag\u00fcero, portavoz del evento, dijo a dpa que estar\u00e1 dedicado este a\u00f1o [&hellip;]<\/p>\n","protected":false},"author":1,"featured_media":501,"comment_status":"open","ping_status":"open","sticky":false,"template":"","format":"standard","meta":{"om_disable_all_campaigns":false,"_monsterinsights_skip_tracking":false,"_monsterinsights_sitenote_active":false,"_monsterinsights_sitenote_note":"","_monsterinsights_sitenote_category":0,"footnotes":""},"categories":[3],"tags":[],"class_list":["post-500","post","type-post","status-publish","format-standard","has-post-thumbnail","hentry","category-nacionales"],"aioseo_notices":[],"_links":{"self":[{"href":"https:\/\/elcronistadigital.com\/index.php?rest_route=\/wp\/v2\/posts\/500","targetHints":{"allow":["GET"]}}],"collection":[{"href":"https:\/\/elcronistadigital.com\/index.php?rest_route=\/wp\/v2\/posts"}],"about":[{"href":"https:\/\/elcronistadigital.com\/index.php?rest_route=\/wp\/v2\/types\/post"}],"author":[{"embeddable":true,"href":"https:\/\/elcronistadigital.com\/index.php?rest_route=\/wp\/v2\/users\/1"}],"replies":[{"embeddable":true,"href":"https:\/\/elcronistadigital.com\/index.php?rest_route=%2Fwp%2Fv2%2Fcomments&post=500"}],"version-history":[{"count":5,"href":"https:\/\/elcronistadigital.com\/index.php?rest_route=\/wp\/v2\/posts\/500\/revisions"}],"predecessor-version":[{"id":506,"href":"https:\/\/elcronistadigital.com\/index.php?rest_route=\/wp\/v2\/posts\/500\/revisions\/506"}],"wp:featuredmedia":[{"embeddable":true,"href":"https:\/\/elcronistadigital.com\/index.php?rest_route=\/wp\/v2\/media\/501"}],"wp:attachment":[{"href":"https:\/\/elcronistadigital.com\/index.php?rest_route=%2Fwp%2Fv2%2Fmedia&parent=500"}],"wp:term":[{"taxonomy":"category","embeddable":true,"href":"https:\/\/elcronistadigital.com\/index.php?rest_route=%2Fwp%2Fv2%2Fcategories&post=500"},{"taxonomy":"post_tag","embeddable":true,"href":"https:\/\/elcronistadigital.com\/index.php?rest_route=%2Fwp%2Fv2%2Ftags&post=500"}],"curies":[{"name":"wp","href":"https:\/\/api.w.org\/{rel}","templated":true}]}}