{"id":50143,"date":"2019-04-01T08:01:32","date_gmt":"2019-04-01T14:01:32","guid":{"rendered":"http:\/\/elcronistadigital.com\/?p=50143"},"modified":"2019-04-01T08:01:32","modified_gmt":"2019-04-01T14:01:32","slug":"minsa-y-mision-tecnica-de-taiwan-promovieron-prevencion-de-enfermedad-renal-cronica","status":"publish","type":"post","link":"https:\/\/elcronistadigital.com\/?p=50143","title":{"rendered":"Minsa y Misi\u00f3n T\u00e9cnica de Taiw\u00e1n promovieron prevenci\u00f3n de Enfermedad Renal Cr\u00f3nica"},"content":{"rendered":"<p><a href=\"https:\/\/elcronistadigital.com\/wp-content\/uploads\/2019\/04\/ri\u00f1\u00f3n1.jpg\"><img loading=\"lazy\" decoding=\"async\" class=\"alignleft size-full wp-image-50144\" alt=\"ri\u00f1\u00f3n1\" src=\"https:\/\/elcronistadigital.com\/wp-content\/uploads\/2019\/04\/ri\u00f1\u00f3n1.jpg\" width=\"400\" height=\"350\" srcset=\"https:\/\/elcronistadigital.com\/wp-content\/uploads\/2019\/04\/ri\u00f1\u00f3n1.jpg 400w, https:\/\/elcronistadigital.com\/wp-content\/uploads\/2019\/04\/ri\u00f1\u00f3n1-300x262.jpg 300w, https:\/\/elcronistadigital.com\/wp-content\/uploads\/2019\/04\/ri\u00f1\u00f3n1-342x299.jpg 342w\" sizes=\"auto, (max-width: 400px) 100vw, 400px\" \/><\/a>El Centro de Salud de Estel\u00ed (Silais), organiz\u00f3 en la primera quincena de marzo la actividad \u201cSalud Renal para Todos\u201d, implementada por el Ministerio de Salud (Minsa), para conmemorar el D\u00eda Mundial del Ri\u00f1\u00f3n y promover la Prevenci\u00f3n de ERC, donde fue invitado a participar el Lic. John Lin, gerente del \u201cProyecto de Fortalecimiento del Sistema de Prevenci\u00f3n y Tratamiento de la Enfermedad Renal Cr\u00f3nica (ERC) en Nicaragua\u201d, de la Misi\u00f3n T\u00e9cnica de Taiw\u00e1n, as\u00ed como autoridades del Minsa, Alcald\u00eda Municipal y estudiantes de medicina de la Unan-Estel\u00ed.<\/p>\n<p>El prop\u00f3sito de la actividad es crear conciencia sobre la importancia que tiene la prevenci\u00f3n y la reducci\u00f3n del impacto de las enfermedades renales en la poblaci\u00f3n, as\u00ed como minimizar la creciente lista de pacientes renales cr\u00f3nicos en Nicaragua. Durante las actividades se realizaron el examen de presi\u00f3n arterial, glucemia y peso.<\/p>\n<p>Durante la actividad, el Dr. Roberto Jim\u00e9nez, representante del Minsa en Estel\u00ed, present\u00f3 el Modelo de Salud Familiar y Comunitario (Mesafc) de atenci\u00f3n primaria, que se est\u00e1 ejecutando en todos los centros de salud del pa\u00eds por mandato del Gobierno de Nicaragua, para la promoci\u00f3n de la salud y la prevenci\u00f3n de la ERC.<\/p>\n<p>En tanto, el gerente John Lin comparti\u00f3 la importancia de mantener la salud renal para conseguir una vida sana e hizo una presentaci\u00f3n sobre el Proyecto de prevenci\u00f3n de ERC, sus metas y alcances, y mencion\u00f3 que dicho proyecto fue firmado por el embajador de Taiw\u00e1n, Jaime Wu y la ministra Sonia Castro el 10 de enero del presente a\u00f1o, el cual tendr\u00e1 una duraci\u00f3n de tres a\u00f1os.<\/p>\n<p>De igual manera, coment\u00f3 que se ha reunido con la ministra Castro y con los especialistas nefr\u00f3logos del Minsa, para discutir y continuar d\u00e1ndole seguimiento a las estrategias del proyecto para la ERC que se est\u00e1n implementado en todo el pa\u00eds, y de esta forma mejorar la capacidad del servicio de la gesti\u00f3n sanitaria de esta enfermedad.<a href=\"https:\/\/elcronistadigital.com\/wp-content\/uploads\/2019\/04\/ri\u00f1\u00f3n2.jpg\"><img loading=\"lazy\" decoding=\"async\" class=\"alignright size-full wp-image-50145\" alt=\"ri\u00f1\u00f3n2\" src=\"https:\/\/elcronistadigital.com\/wp-content\/uploads\/2019\/04\/ri\u00f1\u00f3n2.jpg\" width=\"400\" height=\"280\" srcset=\"https:\/\/elcronistadigital.com\/wp-content\/uploads\/2019\/04\/ri\u00f1\u00f3n2.jpg 400w, https:\/\/elcronistadigital.com\/wp-content\/uploads\/2019\/04\/ri\u00f1\u00f3n2-300x210.jpg 300w, https:\/\/elcronistadigital.com\/wp-content\/uploads\/2019\/04\/ri\u00f1\u00f3n2-342x239.jpg 342w\" sizes=\"auto, (max-width: 400px) 100vw, 400px\" \/><\/a><\/p>\n<p>Por otra parte, el delegado departamental del Silais-Estel\u00ed, V\u00edctor Treminio, describi\u00f3 la importancia del ri\u00f1\u00f3n en el cuerpo humano y el concepto de prevenci\u00f3n de la enfermedad. Y valor\u00f3 especialmente la asistencia y el apoyo del especialista de Misi\u00f3n T\u00e9cnica de Taiw\u00e1n por contribuir a la prevenci\u00f3n de tan mortal enfermedad.<\/p>\n","protected":false},"excerpt":{"rendered":"<p>El Centro de Salud de Estel\u00ed (Silais), organiz\u00f3 en la primera quincena de marzo la actividad \u201cSalud Renal para Todos\u201d, implementada por el Ministerio de Salud (Minsa), para conmemorar el D\u00eda Mundial del Ri\u00f1\u00f3n y promover la Prevenci\u00f3n de ERC, donde fue invitado a participar el Lic. John Lin, gerente del \u201cProyecto de Fortalecimiento del [&hellip;]<\/p>\n","protected":false},"author":1,"featured_media":50144,"comment_status":"open","ping_status":"open","sticky":false,"template":"","format":"standard","meta":{"om_disable_all_campaigns":false,"_monsterinsights_skip_tracking":false,"_monsterinsights_sitenote_active":false,"_monsterinsights_sitenote_note":"","_monsterinsights_sitenote_category":0,"footnotes":""},"categories":[3,7,3524],"tags":[],"class_list":["post-50143","post","type-post","status-publish","format-standard","has-post-thumbnail","hentry","category-nacionales","category-salud-y-belleza","category-noticas"],"aioseo_notices":[],"_links":{"self":[{"href":"https:\/\/elcronistadigital.com\/index.php?rest_route=\/wp\/v2\/posts\/50143","targetHints":{"allow":["GET"]}}],"collection":[{"href":"https:\/\/elcronistadigital.com\/index.php?rest_route=\/wp\/v2\/posts"}],"about":[{"href":"https:\/\/elcronistadigital.com\/index.php?rest_route=\/wp\/v2\/types\/post"}],"author":[{"embeddable":true,"href":"https:\/\/elcronistadigital.com\/index.php?rest_route=\/wp\/v2\/users\/1"}],"replies":[{"embeddable":true,"href":"https:\/\/elcronistadigital.com\/index.php?rest_route=%2Fwp%2Fv2%2Fcomments&post=50143"}],"version-history":[{"count":1,"href":"https:\/\/elcronistadigital.com\/index.php?rest_route=\/wp\/v2\/posts\/50143\/revisions"}],"predecessor-version":[{"id":50146,"href":"https:\/\/elcronistadigital.com\/index.php?rest_route=\/wp\/v2\/posts\/50143\/revisions\/50146"}],"wp:featuredmedia":[{"embeddable":true,"href":"https:\/\/elcronistadigital.com\/index.php?rest_route=\/wp\/v2\/media\/50144"}],"wp:attachment":[{"href":"https:\/\/elcronistadigital.com\/index.php?rest_route=%2Fwp%2Fv2%2Fmedia&parent=50143"}],"wp:term":[{"taxonomy":"category","embeddable":true,"href":"https:\/\/elcronistadigital.com\/index.php?rest_route=%2Fwp%2Fv2%2Fcategories&post=50143"},{"taxonomy":"post_tag","embeddable":true,"href":"https:\/\/elcronistadigital.com\/index.php?rest_route=%2Fwp%2Fv2%2Ftags&post=50143"}],"curies":[{"name":"wp","href":"https:\/\/api.w.org\/{rel}","templated":true}]}}