{"id":5017,"date":"2012-01-25T19:25:38","date_gmt":"2012-01-26T01:25:38","guid":{"rendered":"http:\/\/elcronistadigital.com\/?p=5017"},"modified":"2012-01-25T19:25:38","modified_gmt":"2012-01-26T01:25:38","slug":"felicitan-a-nicaragua-por-lucha-contra-trata-de-personas","status":"publish","type":"post","link":"https:\/\/elcronistadigital.com\/?p=5017","title":{"rendered":"Felicitan a Nicaragua por lucha contra trata de personas"},"content":{"rendered":"<p>Estados Unidos felicit\u00f3 este mi\u00e9rcoles a Nicaragua por sus esfuerzos y avances en la lucha contra la trata de personas, e inst\u00f3 a continuar enfrentando esta forma de &#8216;esclavitud moderna&#8217;, informaron fuentes diplom\u00e1ticas, seg\u00fan inform\u00f3 Notimex.<\/p>\n<p>El director de la Oficina para el Monitoreo y Combate de la Trata de Personas del Departamento de Estado, Luis C. de Baca, destac\u00f3 en una videoconferencia desde Washington los esfuerzos del gobierno de Nicaragua en la lucha contra este flagelo.<\/p>\n<p>Baca particip\u00f3 en una mesa redonda con funcionarios gubernamentales, representantes de organismos de la sociedad civil e internacionales para analizar la lucha contra la trata de blancas, se\u00f1al\u00f3 en un comunicado la embajada de Estados Unidos en Managua.<\/p>\n<p>El encargado de negocios de la embajada estadunidense, Robert Richard Downes, se\u00f1al\u00f3 que su gobierno ha financiado unos 500 mil d\u00f3lares anuales a proyectos para reducir esta actividad il\u00edcita.<\/p>\n<p>El financiamiento ha incluido programas de Save the Children, Casa Alianza y la Organizaci\u00f3n Internacional para las Migraciones. Tambi\u00e9n han brindado capacitaci\u00f3n especializada a polic\u00edas para proteger a las v\u00edctimas y perseguir a las personas dedicadas a este il\u00edcito.<\/p>\n<p><a rel=\"attachment wp-att-5018\" href=\"https:\/\/elcronistadigital.com\/?attachment_id=5018\"><img loading=\"lazy\" decoding=\"async\" class=\"alignleft size-medium wp-image-5018\" title=\"trata\" src=\"https:\/\/elcronistadigital.com\/wp-content\/uploads\/2012\/01\/trata-300x215.jpg\" alt=\"\" width=\"300\" height=\"215\" srcset=\"https:\/\/elcronistadigital.com\/wp-content\/uploads\/2012\/01\/trata-300x215.jpg 300w, https:\/\/elcronistadigital.com\/wp-content\/uploads\/2012\/01\/trata-342x246.jpg 342w, https:\/\/elcronistadigital.com\/wp-content\/uploads\/2012\/01\/trata-90x65.jpg 90w, https:\/\/elcronistadigital.com\/wp-content\/uploads\/2012\/01\/trata.jpg 550w\" sizes=\"auto, (max-width: 300px) 100vw, 300px\" \/><\/a>El pa\u00eds centroamericano ha aplicado un plan para prevenir, atender y proteger a las v\u00edctimas y sus familiares, que involucra a instituciones p\u00fablicas y organismos no gubernamentales nacionales e internacionales.<\/p>\n","protected":false},"excerpt":{"rendered":"<p>Estados Unidos felicit\u00f3 este mi\u00e9rcoles a Nicaragua por sus esfuerzos y avances en la lucha contra la trata de personas, e inst\u00f3 a continuar enfrentando esta forma de &#8216;esclavitud moderna&#8217;, informaron fuentes diplom\u00e1ticas, seg\u00fan inform\u00f3 Notimex. El director de la Oficina para el Monitoreo y Combate de la Trata de Personas del Departamento de Estado, [&hellip;]<\/p>\n","protected":false},"author":1,"featured_media":5018,"comment_status":"open","ping_status":"open","sticky":false,"template":"","format":"standard","meta":{"om_disable_all_campaigns":false,"_monsterinsights_skip_tracking":false,"_monsterinsights_sitenote_active":false,"_monsterinsights_sitenote_note":"","_monsterinsights_sitenote_category":0,"footnotes":""},"categories":[3],"tags":[],"class_list":["post-5017","post","type-post","status-publish","format-standard","has-post-thumbnail","hentry","category-nacionales"],"aioseo_notices":[],"_links":{"self":[{"href":"https:\/\/elcronistadigital.com\/index.php?rest_route=\/wp\/v2\/posts\/5017","targetHints":{"allow":["GET"]}}],"collection":[{"href":"https:\/\/elcronistadigital.com\/index.php?rest_route=\/wp\/v2\/posts"}],"about":[{"href":"https:\/\/elcronistadigital.com\/index.php?rest_route=\/wp\/v2\/types\/post"}],"author":[{"embeddable":true,"href":"https:\/\/elcronistadigital.com\/index.php?rest_route=\/wp\/v2\/users\/1"}],"replies":[{"embeddable":true,"href":"https:\/\/elcronistadigital.com\/index.php?rest_route=%2Fwp%2Fv2%2Fcomments&post=5017"}],"version-history":[{"count":3,"href":"https:\/\/elcronistadigital.com\/index.php?rest_route=\/wp\/v2\/posts\/5017\/revisions"}],"predecessor-version":[{"id":5021,"href":"https:\/\/elcronistadigital.com\/index.php?rest_route=\/wp\/v2\/posts\/5017\/revisions\/5021"}],"wp:featuredmedia":[{"embeddable":true,"href":"https:\/\/elcronistadigital.com\/index.php?rest_route=\/wp\/v2\/media\/5018"}],"wp:attachment":[{"href":"https:\/\/elcronistadigital.com\/index.php?rest_route=%2Fwp%2Fv2%2Fmedia&parent=5017"}],"wp:term":[{"taxonomy":"category","embeddable":true,"href":"https:\/\/elcronistadigital.com\/index.php?rest_route=%2Fwp%2Fv2%2Fcategories&post=5017"},{"taxonomy":"post_tag","embeddable":true,"href":"https:\/\/elcronistadigital.com\/index.php?rest_route=%2Fwp%2Fv2%2Ftags&post=5017"}],"curies":[{"name":"wp","href":"https:\/\/api.w.org\/{rel}","templated":true}]}}