{"id":50172,"date":"2019-04-04T10:46:27","date_gmt":"2019-04-04T16:46:27","guid":{"rendered":"http:\/\/elcronistadigital.com\/?p=50172"},"modified":"2019-04-04T10:48:53","modified_gmt":"2019-04-04T16:48:53","slug":"hospital-militar-invita-a-movimiento-es-salud","status":"publish","type":"post","link":"https:\/\/elcronistadigital.com\/?p=50172","title":{"rendered":"Hospital Militar invita a \u201cMovimiento es Salud\u201d"},"content":{"rendered":"<p><a href=\"https:\/\/elcronistadigital.com\/wp-content\/uploads\/2019\/04\/caminar.jpg\"><img loading=\"lazy\" decoding=\"async\" class=\"alignleft size-full wp-image-50173\" alt=\"caminar\" src=\"https:\/\/elcronistadigital.com\/wp-content\/uploads\/2019\/04\/caminar.jpg\" width=\"400\" height=\"519\" srcset=\"https:\/\/elcronistadigital.com\/wp-content\/uploads\/2019\/04\/caminar.jpg 400w, https:\/\/elcronistadigital.com\/wp-content\/uploads\/2019\/04\/caminar-231x300.jpg 231w, https:\/\/elcronistadigital.com\/wp-content\/uploads\/2019\/04\/caminar-342x443.jpg 342w, https:\/\/elcronistadigital.com\/wp-content\/uploads\/2019\/04\/caminar-300x389.jpg 300w\" sizes=\"auto, (max-width: 400px) 100vw, 400px\" \/><\/a>El Hospital Militar \u201cAlejandro D\u00e1vila Bola\u00f1os\u00bb, invita a participar en la campa\u00f1a \u201cMovimiento es Salud\u201d, cuyo objetivo es promover en las personas la actividad f\u00edsica a trav\u00e9s de ejercicios y t\u00e9cnicas fisioterap\u00e9uticas, que contribuyan a contrarrestar padecimientos y malestares como el dolor de espalda, cuello y rodilla.<\/p>\n<p>La actividad se desarrollar\u00e1 entre el 4 y 5 de abril a las 3:00 pm, frente a la entrada principal del mencionado centro hospitalario.<\/p>\n","protected":false},"excerpt":{"rendered":"<p>El Hospital Militar \u201cAlejandro D\u00e1vila Bola\u00f1os\u00bb, invita a participar en la campa\u00f1a \u201cMovimiento es Salud\u201d, cuyo objetivo es promover en las personas la actividad f\u00edsica a trav\u00e9s de ejercicios y t\u00e9cnicas fisioterap\u00e9uticas, que contribuyan a contrarrestar padecimientos y malestares como el dolor de espalda, cuello y rodilla. La actividad se desarrollar\u00e1 entre el 4 y [&hellip;]<\/p>\n","protected":false},"author":1,"featured_media":50173,"comment_status":"open","ping_status":"open","sticky":false,"template":"","format":"standard","meta":{"om_disable_all_campaigns":false,"_monsterinsights_skip_tracking":false,"_monsterinsights_sitenote_active":false,"_monsterinsights_sitenote_note":"","_monsterinsights_sitenote_category":0,"footnotes":""},"categories":[3,7],"tags":[],"class_list":["post-50172","post","type-post","status-publish","format-standard","has-post-thumbnail","hentry","category-nacionales","category-salud-y-belleza"],"aioseo_notices":[],"_links":{"self":[{"href":"https:\/\/elcronistadigital.com\/index.php?rest_route=\/wp\/v2\/posts\/50172","targetHints":{"allow":["GET"]}}],"collection":[{"href":"https:\/\/elcronistadigital.com\/index.php?rest_route=\/wp\/v2\/posts"}],"about":[{"href":"https:\/\/elcronistadigital.com\/index.php?rest_route=\/wp\/v2\/types\/post"}],"author":[{"embeddable":true,"href":"https:\/\/elcronistadigital.com\/index.php?rest_route=\/wp\/v2\/users\/1"}],"replies":[{"embeddable":true,"href":"https:\/\/elcronistadigital.com\/index.php?rest_route=%2Fwp%2Fv2%2Fcomments&post=50172"}],"version-history":[{"count":4,"href":"https:\/\/elcronistadigital.com\/index.php?rest_route=\/wp\/v2\/posts\/50172\/revisions"}],"predecessor-version":[{"id":50177,"href":"https:\/\/elcronistadigital.com\/index.php?rest_route=\/wp\/v2\/posts\/50172\/revisions\/50177"}],"wp:featuredmedia":[{"embeddable":true,"href":"https:\/\/elcronistadigital.com\/index.php?rest_route=\/wp\/v2\/media\/50173"}],"wp:attachment":[{"href":"https:\/\/elcronistadigital.com\/index.php?rest_route=%2Fwp%2Fv2%2Fmedia&parent=50172"}],"wp:term":[{"taxonomy":"category","embeddable":true,"href":"https:\/\/elcronistadigital.com\/index.php?rest_route=%2Fwp%2Fv2%2Fcategories&post=50172"},{"taxonomy":"post_tag","embeddable":true,"href":"https:\/\/elcronistadigital.com\/index.php?rest_route=%2Fwp%2Fv2%2Ftags&post=50172"}],"curies":[{"name":"wp","href":"https:\/\/api.w.org\/{rel}","templated":true}]}}