{"id":5022,"date":"2012-01-26T17:03:36","date_gmt":"2012-01-26T23:03:36","guid":{"rendered":"http:\/\/elcronistadigital.com\/?p=5022"},"modified":"2012-01-26T17:03:36","modified_gmt":"2012-01-26T23:03:36","slug":"embajada-de-taiwan-realiza-donacion-a-festival-internacional-de-poesia","status":"publish","type":"post","link":"https:\/\/elcronistadigital.com\/?p=5022","title":{"rendered":"Embajada de Taiw\u00e1n realiza donaci\u00f3n a Festival Internacional de Poes\u00eda"},"content":{"rendered":"<div id=\"attachment_5023\" style=\"width: 310px\" class=\"wp-caption alignleft\"><a rel=\"attachment wp-att-5023\" href=\"https:\/\/elcronistadigital.com\/?attachment_id=5023\"><img loading=\"lazy\" decoding=\"async\" aria-describedby=\"caption-attachment-5023\" class=\"size-medium wp-image-5023\" title=\"Entrega de donacion al Festival de Poesia de Granada\" src=\"https:\/\/elcronistadigital.com\/wp-content\/uploads\/2012\/01\/Entrega-de-donacion-al-Festival-de-Poesia-de-Granada-300x200.jpg\" alt=\"\" width=\"300\" height=\"200\" srcset=\"https:\/\/elcronistadigital.com\/wp-content\/uploads\/2012\/01\/Entrega-de-donacion-al-Festival-de-Poesia-de-Granada-300x200.jpg 300w, https:\/\/elcronistadigital.com\/wp-content\/uploads\/2012\/01\/Entrega-de-donacion-al-Festival-de-Poesia-de-Granada-342x228.jpg 342w, https:\/\/elcronistadigital.com\/wp-content\/uploads\/2012\/01\/Entrega-de-donacion-al-Festival-de-Poesia-de-Granada.jpg 640w\" sizes=\"auto, (max-width: 300px) 100vw, 300px\" \/><\/a><p id=\"caption-attachment-5023\" class=\"wp-caption-text\">El encargado de negocios de la embajada de Taiw\u00e1n, Sr. James Lee, entrega la donaci\u00f3n al poeta Francisco de As\u00eds Fern\u00e1ndez.<\/p><\/div>\n<p>El Gobierno de la Rep\u00fablica de China (Taiw\u00e1n), a trav\u00e9s de su encargado de negocios Sr. James Lee, realizo una donaci\u00f3n de 3,000 d\u00f3lares americanos para apoyar la realizaci\u00f3n del VIII Festival Internacional de Poes\u00eda de Granada, Nicaragua. La donaci\u00f3n la recibi\u00f3 el Sr. Francisco de As\u00eds Fern\u00e1ndez, presidente del Festival. Este magno evento se llevar\u00e1 a cabo del 12 al 19 de febrero del a\u00f1o en curso.<\/p>\n<p>El Sr. Lee expres\u00f3 que con esta donaci\u00f3n el gobierno de Taiw\u00e1n sigue reafirmando su apoyo y disposici\u00f3n de crear lazos m\u00e1s fuertes y solidarios con este hermano pa\u00eds, ya sea desde la educaci\u00f3n o a trav\u00e9s de la divulgaci\u00f3n de la poes\u00eda, la danza y la cultura en general.<\/p>\n<p>Por su parte, el Sr. Francisco de As\u00eds dio las gracias por esta muestra de hermandad de parte del gobierno taiwan\u00e9s, esperando que los lazos de amistad y solidaridad perduren por mucho tiempo.<\/p>\n<p>En la celebraci\u00f3n de este Festival Internacional de Poes\u00eda participar\u00e1 el reconocido poeta taiwan\u00e9s, Sr. Zheng Chouyu.<\/p>\n","protected":false},"excerpt":{"rendered":"<p>El Gobierno de la Rep\u00fablica de China (Taiw\u00e1n), a trav\u00e9s de su encargado de negocios Sr. James Lee, realizo una donaci\u00f3n de 3,000 d\u00f3lares americanos para apoyar la realizaci\u00f3n del VIII Festival Internacional de Poes\u00eda de Granada, Nicaragua. La donaci\u00f3n la recibi\u00f3 el Sr. Francisco de As\u00eds Fern\u00e1ndez, presidente del Festival. Este magno evento se [&hellip;]<\/p>\n","protected":false},"author":1,"featured_media":5023,"comment_status":"open","ping_status":"open","sticky":false,"template":"","format":"standard","meta":{"om_disable_all_campaigns":false,"_monsterinsights_skip_tracking":false,"_monsterinsights_sitenote_active":false,"_monsterinsights_sitenote_note":"","_monsterinsights_sitenote_category":0,"footnotes":""},"categories":[3,10],"tags":[],"class_list":["post-5022","post","type-post","status-publish","format-standard","has-post-thumbnail","hentry","category-nacionales","category-cultura"],"aioseo_notices":[],"_links":{"self":[{"href":"https:\/\/elcronistadigital.com\/index.php?rest_route=\/wp\/v2\/posts\/5022","targetHints":{"allow":["GET"]}}],"collection":[{"href":"https:\/\/elcronistadigital.com\/index.php?rest_route=\/wp\/v2\/posts"}],"about":[{"href":"https:\/\/elcronistadigital.com\/index.php?rest_route=\/wp\/v2\/types\/post"}],"author":[{"embeddable":true,"href":"https:\/\/elcronistadigital.com\/index.php?rest_route=\/wp\/v2\/users\/1"}],"replies":[{"embeddable":true,"href":"https:\/\/elcronistadigital.com\/index.php?rest_route=%2Fwp%2Fv2%2Fcomments&post=5022"}],"version-history":[{"count":3,"href":"https:\/\/elcronistadigital.com\/index.php?rest_route=\/wp\/v2\/posts\/5022\/revisions"}],"predecessor-version":[{"id":5026,"href":"https:\/\/elcronistadigital.com\/index.php?rest_route=\/wp\/v2\/posts\/5022\/revisions\/5026"}],"wp:featuredmedia":[{"embeddable":true,"href":"https:\/\/elcronistadigital.com\/index.php?rest_route=\/wp\/v2\/media\/5023"}],"wp:attachment":[{"href":"https:\/\/elcronistadigital.com\/index.php?rest_route=%2Fwp%2Fv2%2Fmedia&parent=5022"}],"wp:term":[{"taxonomy":"category","embeddable":true,"href":"https:\/\/elcronistadigital.com\/index.php?rest_route=%2Fwp%2Fv2%2Fcategories&post=5022"},{"taxonomy":"post_tag","embeddable":true,"href":"https:\/\/elcronistadigital.com\/index.php?rest_route=%2Fwp%2Fv2%2Ftags&post=5022"}],"curies":[{"name":"wp","href":"https:\/\/api.w.org\/{rel}","templated":true}]}}