{"id":50292,"date":"2019-04-26T09:28:56","date_gmt":"2019-04-26T15:28:56","guid":{"rendered":"http:\/\/elcronistadigital.com\/?p=50292"},"modified":"2019-04-26T09:28:56","modified_gmt":"2019-04-26T15:28:56","slug":"a-bolsonaro-le-preocupan-amputaciones-de-pene-en-brasil","status":"publish","type":"post","link":"https:\/\/elcronistadigital.com\/?p=50292","title":{"rendered":"A Bolsonaro le preocupan amputaciones de pene en Brasil"},"content":{"rendered":"<p><a href=\"https:\/\/elcronistadigital.com\/wp-content\/uploads\/2019\/04\/amputan.jpg\"><img loading=\"lazy\" decoding=\"async\" class=\"alignleft size-full wp-image-50293\" alt=\"amputan\" src=\"https:\/\/elcronistadigital.com\/wp-content\/uploads\/2019\/04\/amputan.jpg\" width=\"398\" height=\"351\" srcset=\"https:\/\/elcronistadigital.com\/wp-content\/uploads\/2019\/04\/amputan.jpg 398w, https:\/\/elcronistadigital.com\/wp-content\/uploads\/2019\/04\/amputan-300x264.jpg 300w, https:\/\/elcronistadigital.com\/wp-content\/uploads\/2019\/04\/amputan-342x301.jpg 342w\" sizes=\"auto, (max-width: 398px) 100vw, 398px\" \/><\/a>Tras una visita al Ministerio de Educaci\u00f3n (MEC), el presidente brasile\u00f1o, Jair Bolsonaro, se refiri\u00f3 a una cuesti\u00f3n \u00abalarmante\u00bb: las amputaciones de pene en Brasil. La preocupaci\u00f3n del mandatario reson\u00f3 por Twitter, donde los brasile\u00f1os se mostraron sorprendidos ante la falta de conexi\u00f3n del tema con el compromiso presidencial del d\u00eda.<\/p>\n<p>Al final de la visita al MEC, el l\u00edder brasile\u00f1o, acompa\u00f1ado del ministro de Educaci\u00f3n, Abraham Weintraub, habl\u00f3 acerca del \u00abfuerte adoctrinado ideol\u00f3gico\u00bb de las escuelas del Movimiento de los Trabajadores Rurales Sin Tierra (MST). Luego, toc\u00f3 un asunto poco relacionado y que estar\u00eda m\u00e1s ligado a la salud que a la educaci\u00f3n: los datos acerca de las amputaciones de pene en Brasil.<\/p>\n<p>El mandatario comparti\u00f3 lo que llam\u00f3 \u00abun dato alarmante\u00bb: en Brasil se llevan a cabo 1.000 amputaciones de pene al a\u00f1o por falta de higiene, lo que seg\u00fan Bolsonaro, se debe a \u00abla falta de agua y jab\u00f3n\u00bb. El presidente enfatiz\u00f3 la necesidad de encontrar una salida a esta situaci\u00f3n y ayudar a las personas a entender lo que deben hacer por su propio bien y por su futuro.<\/p>\n<p>Las declaraciones de Bolsonaro no tardaron en causar una oleada de reacciones de los ciudadanos brasile\u00f1os en Twitter.<\/p>\n<p>Por un lado, muchos internautas criticaron la falta de prioridades del actual presidente brasile\u00f1o:<\/p>\n<p>\u00abTantos problemas en la educaci\u00f3n y el presidente preocupado por el pene. El pa\u00eds lleg\u00f3 al fondo del pozo\u00bb<\/p>\n<p>\u00abEs incre\u00edble. Las preocupaciones de Bolsonaro no son las mismas que la de millones de desempleados (con o sin pene, con o sin vagina)\u00bb<\/p>\n<p>\u00ab\u00bfEst\u00e1 bien preocuparse por la salud p\u00fablica, pero bajar los intereses, ser\u00e1 meta del Gobierno cu\u00e1ndo?\u00bb<\/p>\n<p>\u00abMira la preocupaci\u00f3n del presidente del pa\u00eds\u00bb<\/p>\n<p>\u00abTanta cosa importante para hacer por Brasil y se preocupa por lavar el pene de los dem\u00e1s\u00bb.<\/p>\n<p>Por otro lado, algunos internautas destacaron la importancia del tema.<\/p>\n<p>\u00abPero la preocupaci\u00f3n es v\u00e1lida, esto genera un costo para la Salud y genera c\u00e1ncer de pene y un posible c\u00e1ncer de pr\u00f3stata, ustedes no est\u00e1n preocupados por Brasil, \u00a1est\u00e1n en contra de cualquier cosa que Bolsonaro haga!\u00bb<\/p>\n","protected":false},"excerpt":{"rendered":"<p>Tras una visita al Ministerio de Educaci\u00f3n (MEC), el presidente brasile\u00f1o, Jair Bolsonaro, se refiri\u00f3 a una cuesti\u00f3n \u00abalarmante\u00bb: las amputaciones de pene en Brasil. La preocupaci\u00f3n del mandatario reson\u00f3 por Twitter, donde los brasile\u00f1os se mostraron sorprendidos ante la falta de conexi\u00f3n del tema con el compromiso presidencial del d\u00eda. Al final de la [&hellip;]<\/p>\n","protected":false},"author":1,"featured_media":50293,"comment_status":"open","ping_status":"open","sticky":false,"template":"","format":"standard","meta":{"om_disable_all_campaigns":false,"_monsterinsights_skip_tracking":false,"_monsterinsights_sitenote_active":false,"_monsterinsights_sitenote_note":"","_monsterinsights_sitenote_category":0,"footnotes":""},"categories":[7,3524],"tags":[],"class_list":["post-50292","post","type-post","status-publish","format-standard","has-post-thumbnail","hentry","category-salud-y-belleza","category-noticas"],"aioseo_notices":[],"_links":{"self":[{"href":"https:\/\/elcronistadigital.com\/index.php?rest_route=\/wp\/v2\/posts\/50292","targetHints":{"allow":["GET"]}}],"collection":[{"href":"https:\/\/elcronistadigital.com\/index.php?rest_route=\/wp\/v2\/posts"}],"about":[{"href":"https:\/\/elcronistadigital.com\/index.php?rest_route=\/wp\/v2\/types\/post"}],"author":[{"embeddable":true,"href":"https:\/\/elcronistadigital.com\/index.php?rest_route=\/wp\/v2\/users\/1"}],"replies":[{"embeddable":true,"href":"https:\/\/elcronistadigital.com\/index.php?rest_route=%2Fwp%2Fv2%2Fcomments&post=50292"}],"version-history":[{"count":1,"href":"https:\/\/elcronistadigital.com\/index.php?rest_route=\/wp\/v2\/posts\/50292\/revisions"}],"predecessor-version":[{"id":50294,"href":"https:\/\/elcronistadigital.com\/index.php?rest_route=\/wp\/v2\/posts\/50292\/revisions\/50294"}],"wp:featuredmedia":[{"embeddable":true,"href":"https:\/\/elcronistadigital.com\/index.php?rest_route=\/wp\/v2\/media\/50293"}],"wp:attachment":[{"href":"https:\/\/elcronistadigital.com\/index.php?rest_route=%2Fwp%2Fv2%2Fmedia&parent=50292"}],"wp:term":[{"taxonomy":"category","embeddable":true,"href":"https:\/\/elcronistadigital.com\/index.php?rest_route=%2Fwp%2Fv2%2Fcategories&post=50292"},{"taxonomy":"post_tag","embeddable":true,"href":"https:\/\/elcronistadigital.com\/index.php?rest_route=%2Fwp%2Fv2%2Ftags&post=50292"}],"curies":[{"name":"wp","href":"https:\/\/api.w.org\/{rel}","templated":true}]}}