{"id":50320,"date":"2019-05-03T09:33:46","date_gmt":"2019-05-03T15:33:46","guid":{"rendered":"http:\/\/elcronistadigital.com\/?p=50320"},"modified":"2019-05-03T09:33:46","modified_gmt":"2019-05-03T15:33:46","slug":"hace-crujir-cuello-y-sufre-accidente-cerebrovascular","status":"publish","type":"post","link":"https:\/\/elcronistadigital.com\/?p=50320","title":{"rendered":"Hace crujir cuello y sufre accidente cerebrovascular"},"content":{"rendered":"<p><span style=\"color: #993300;\"><em><strong><a href=\"https:\/\/elcronistadigital.com\/wp-content\/uploads\/2019\/05\/cuello.jpg\"><img loading=\"lazy\" decoding=\"async\" class=\"alignleft size-full wp-image-50321\" alt=\"cuello\" src=\"https:\/\/elcronistadigital.com\/wp-content\/uploads\/2019\/05\/cuello.jpg\" width=\"400\" height=\"209\" srcset=\"https:\/\/elcronistadigital.com\/wp-content\/uploads\/2019\/05\/cuello.jpg 400w, https:\/\/elcronistadigital.com\/wp-content\/uploads\/2019\/05\/cuello-300x156.jpg 300w, https:\/\/elcronistadigital.com\/wp-content\/uploads\/2019\/05\/cuello-342x178.jpg 342w\" sizes=\"auto, (max-width: 400px) 100vw, 400px\" \/><\/a>* Especialistas creen que el paciente pudo haber muerto a causa de una acci\u00f3n habitual que desgarr\u00f3 la arteria vertebral.<\/strong><\/em><\/span><\/p>\n<p>Un joven de 28 a\u00f1os sufri\u00f3 un accidente cerebrovascular tras hacer crujir su cuello en su casa en Oklahoma, EE.UU. De acuerdo al reporte m\u00e9dico, el paciente ocasion\u00f3 un desgarre en el revestimiento de la arteria vertebral, inform\u00f3 este jueves una filial de ABC News.<\/p>\n<p>Tras mover su cuello, Josh Hader escuch\u00f3 un peque\u00f1o estallido interno y el lado izquierdo de su cuerpo comenz\u00f3 a entumecerse. \u00abMe levant\u00e9 e intent\u00e9 sacar una bolsa de hielo de la nevera, y recuerdo que no pod\u00eda caminar derecho\u00bb, coment\u00f3.<\/p>\n<p>Conforme se empeoraba su estado de salud, Hader fue trasladado de urgencia a un hospital, donde recibi\u00f3 atenci\u00f3n m\u00e9dica. Ahora, se est\u00e1 recuperado de la apoplej\u00eda, debe usar un andador para caminar, usa un parche en el ojo debido a un nervio lesionado y tuvo hipo durante una semana y media.<\/p>\n<p>A pesar de las secuelas, los especialistas creen que Hader pudo haber muerto a causa de una acci\u00f3n habitual que sol\u00eda practicar para estirar su cuello. \u00abLos estudios han demostrado una correlaci\u00f3n entre un mayor riesgo de accidente cerebrovascular y las personas que manipulan su cuello\u00bb, se\u00f1al\u00f3 la doctora Nura Orra a la cadena televisiva.<\/p>\n<p>Adem\u00e1s, Orra sostiene que si bien las probabilidades de padecer un derrame cerebral por este motivo en general son pocas, los mayores factores de riesgo para sufrirlo son la hipertensi\u00f3n, las enfermedades card\u00edacas y el tabaquismo.<\/p>\n<p>Fuente: RT.<\/p>\n<p>&nbsp;<\/p>\n","protected":false},"excerpt":{"rendered":"<p>* Especialistas creen que el paciente pudo haber muerto a causa de una acci\u00f3n habitual que desgarr\u00f3 la arteria vertebral. Un joven de 28 a\u00f1os sufri\u00f3 un accidente cerebrovascular tras hacer crujir su cuello en su casa en Oklahoma, EE.UU. De acuerdo al reporte m\u00e9dico, el paciente ocasion\u00f3 un desgarre en el revestimiento de la [&hellip;]<\/p>\n","protected":false},"author":1,"featured_media":50321,"comment_status":"open","ping_status":"open","sticky":false,"template":"","format":"standard","meta":{"om_disable_all_campaigns":false,"_monsterinsights_skip_tracking":false,"_monsterinsights_sitenote_active":false,"_monsterinsights_sitenote_note":"","_monsterinsights_sitenote_category":0,"footnotes":""},"categories":[5,7],"tags":[],"class_list":["post-50320","post","type-post","status-publish","format-standard","has-post-thumbnail","hentry","category-mundo","category-salud-y-belleza"],"aioseo_notices":[],"_links":{"self":[{"href":"https:\/\/elcronistadigital.com\/index.php?rest_route=\/wp\/v2\/posts\/50320","targetHints":{"allow":["GET"]}}],"collection":[{"href":"https:\/\/elcronistadigital.com\/index.php?rest_route=\/wp\/v2\/posts"}],"about":[{"href":"https:\/\/elcronistadigital.com\/index.php?rest_route=\/wp\/v2\/types\/post"}],"author":[{"embeddable":true,"href":"https:\/\/elcronistadigital.com\/index.php?rest_route=\/wp\/v2\/users\/1"}],"replies":[{"embeddable":true,"href":"https:\/\/elcronistadigital.com\/index.php?rest_route=%2Fwp%2Fv2%2Fcomments&post=50320"}],"version-history":[{"count":1,"href":"https:\/\/elcronistadigital.com\/index.php?rest_route=\/wp\/v2\/posts\/50320\/revisions"}],"predecessor-version":[{"id":50322,"href":"https:\/\/elcronistadigital.com\/index.php?rest_route=\/wp\/v2\/posts\/50320\/revisions\/50322"}],"wp:featuredmedia":[{"embeddable":true,"href":"https:\/\/elcronistadigital.com\/index.php?rest_route=\/wp\/v2\/media\/50321"}],"wp:attachment":[{"href":"https:\/\/elcronistadigital.com\/index.php?rest_route=%2Fwp%2Fv2%2Fmedia&parent=50320"}],"wp:term":[{"taxonomy":"category","embeddable":true,"href":"https:\/\/elcronistadigital.com\/index.php?rest_route=%2Fwp%2Fv2%2Fcategories&post=50320"},{"taxonomy":"post_tag","embeddable":true,"href":"https:\/\/elcronistadigital.com\/index.php?rest_route=%2Fwp%2Fv2%2Ftags&post=50320"}],"curies":[{"name":"wp","href":"https:\/\/api.w.org\/{rel}","templated":true}]}}