{"id":50624,"date":"2019-06-21T10:02:06","date_gmt":"2019-06-21T16:02:06","guid":{"rendered":"http:\/\/elcronistadigital.com\/?p=50624"},"modified":"2019-06-21T10:02:06","modified_gmt":"2019-06-21T16:02:06","slug":"mary-kings-close-callejon-de-la-muerte","status":"publish","type":"post","link":"https:\/\/elcronistadigital.com\/?p=50624","title":{"rendered":"Mary King\u00b4s Close, callej\u00f3n de la muerte"},"content":{"rendered":"<p><a href=\"https:\/\/elcronistadigital.com\/wp-content\/uploads\/2019\/06\/callej\u00f3n2.jpg\"><img loading=\"lazy\" decoding=\"async\" class=\"alignleft size-full wp-image-50626\" alt=\"callej\u00f3n2\" src=\"https:\/\/elcronistadigital.com\/wp-content\/uploads\/2019\/06\/callej\u00f3n2.jpg\" width=\"400\" height=\"299\" srcset=\"https:\/\/elcronistadigital.com\/wp-content\/uploads\/2019\/06\/callej\u00f3n2.jpg 400w, https:\/\/elcronistadigital.com\/wp-content\/uploads\/2019\/06\/callej\u00f3n2-300x224.jpg 300w, https:\/\/elcronistadigital.com\/wp-content\/uploads\/2019\/06\/callej\u00f3n2-342x255.jpg 342w, https:\/\/elcronistadigital.com\/wp-content\/uploads\/2019\/06\/callej\u00f3n2-60x45.jpg 60w, https:\/\/elcronistadigital.com\/wp-content\/uploads\/2019\/06\/callej\u00f3n2-150x113.jpg 150w, https:\/\/elcronistadigital.com\/wp-content\/uploads\/2019\/06\/callej\u00f3n2-269x201.jpg 269w\" sizes=\"auto, (max-width: 400px) 100vw, 400px\" \/><\/a>Reabierto al p\u00fablico en el a\u00f1o 2003, Mary King&#8217;s Close es un renombrado callej\u00f3n de Edimburgo, que muestra la miseria y la enfermedad que reinaba en ese inframundo afectado por la peste y la delincuencia entre los siglos XVI y XVII.<\/p>\n<p>The Real Mary King&#8217;s Close es uno de los callejones situados bajo los edificios del Old Town, en la Royal Mile. Despu\u00e9s de ser clausurado y quedar cerrado al p\u00fablico durante a\u00f1os, all\u00ed resurgen las historias de las v\u00edctimas de las plagas, asesinos y asesinados, hoy convertidos en fantasmas de leyenda.<\/p>\n<p>Tour por el inframundo<\/p>\n<p>Durante el recorrido se visitan diferentes estancias en las que se manten\u00edan con vida a duras penas los ciudadanos m\u00e1s pobres de Edimburgo, mientras esperaban a que la peste o alg\u00fan maleante terminaran con su sufrimiento.<\/p>\n<p>Tras visitar el escenario de un crimen y las casas de algunos de los habitantes de Mary King, tal vez se tenga el gusto de conocer a Annie, una peque\u00f1a ni\u00f1a que llora desconsolada porque perdi\u00f3 su mu\u00f1eca hace cientos de a\u00f1os. Muchos de los visitantes suelen llevar mu\u00f1ecos, golosinas o juguetes para consolar a Annie y que deje de vagar por los callejones.<\/p>\n<p>Como punto curioso y amable de esta triste historia es que todos los mu\u00f1ecos que llevan los visitantes son donados para los ni\u00f1os que m\u00e1s los necesitan.<\/p>\n<p>Oscuro y escalofriante<\/p>\n<p>Durante el tour de Mary King\u00b4s Close no habr\u00e1 disfraces de fantasmas ni gente dispuesta a asustarlos, sino que podr\u00e1n sentir un aut\u00e9ntico escalofr\u00edo producido por la humedad del ambiente y las espeluznantes historias que tratan sobre personas reales, que vivieron, trabajaron y murieron all\u00ed.<a href=\"https:\/\/elcronistadigital.com\/wp-content\/uploads\/2019\/06\/callej\u00f3n1.jpg\"><img loading=\"lazy\" decoding=\"async\" class=\"alignright size-full wp-image-50627\" alt=\"callej\u00f3n\" src=\"https:\/\/elcronistadigital.com\/wp-content\/uploads\/2019\/06\/callej\u00f3n1.jpg\" width=\"400\" height=\"265\" srcset=\"https:\/\/elcronistadigital.com\/wp-content\/uploads\/2019\/06\/callej\u00f3n1.jpg 400w, https:\/\/elcronistadigital.com\/wp-content\/uploads\/2019\/06\/callej\u00f3n1-300x198.jpg 300w, https:\/\/elcronistadigital.com\/wp-content\/uploads\/2019\/06\/callej\u00f3n1-342x226.jpg 342w\" sizes=\"auto, (max-width: 400px) 100vw, 400px\" \/><\/a><\/p>\n<p>El recorrido no es recomendable para personas con problemas de claustrofobia o a las que no les gusten los lugares demasiado oscuros. Por otro lado, si esper\u00e1s que la visita de miedo, probablemente te decepcione.<\/p>\n","protected":false},"excerpt":{"rendered":"<p>Reabierto al p\u00fablico en el a\u00f1o 2003, Mary King&#8217;s Close es un renombrado callej\u00f3n de Edimburgo, que muestra la miseria y la enfermedad que reinaba en ese inframundo afectado por la peste y la delincuencia entre los siglos XVI y XVII. The Real Mary King&#8217;s Close es uno de los callejones situados bajo los edificios [&hellip;]<\/p>\n","protected":false},"author":1,"featured_media":50626,"comment_status":"open","ping_status":"open","sticky":false,"template":"","format":"standard","meta":{"om_disable_all_campaigns":false,"_monsterinsights_skip_tracking":false,"_monsterinsights_sitenote_active":false,"_monsterinsights_sitenote_note":"","_monsterinsights_sitenote_category":0,"footnotes":""},"categories":[10],"tags":[],"class_list":["post-50624","post","type-post","status-publish","format-standard","has-post-thumbnail","hentry","category-cultura"],"aioseo_notices":[],"_links":{"self":[{"href":"https:\/\/elcronistadigital.com\/index.php?rest_route=\/wp\/v2\/posts\/50624","targetHints":{"allow":["GET"]}}],"collection":[{"href":"https:\/\/elcronistadigital.com\/index.php?rest_route=\/wp\/v2\/posts"}],"about":[{"href":"https:\/\/elcronistadigital.com\/index.php?rest_route=\/wp\/v2\/types\/post"}],"author":[{"embeddable":true,"href":"https:\/\/elcronistadigital.com\/index.php?rest_route=\/wp\/v2\/users\/1"}],"replies":[{"embeddable":true,"href":"https:\/\/elcronistadigital.com\/index.php?rest_route=%2Fwp%2Fv2%2Fcomments&post=50624"}],"version-history":[{"count":1,"href":"https:\/\/elcronistadigital.com\/index.php?rest_route=\/wp\/v2\/posts\/50624\/revisions"}],"predecessor-version":[{"id":50628,"href":"https:\/\/elcronistadigital.com\/index.php?rest_route=\/wp\/v2\/posts\/50624\/revisions\/50628"}],"wp:featuredmedia":[{"embeddable":true,"href":"https:\/\/elcronistadigital.com\/index.php?rest_route=\/wp\/v2\/media\/50626"}],"wp:attachment":[{"href":"https:\/\/elcronistadigital.com\/index.php?rest_route=%2Fwp%2Fv2%2Fmedia&parent=50624"}],"wp:term":[{"taxonomy":"category","embeddable":true,"href":"https:\/\/elcronistadigital.com\/index.php?rest_route=%2Fwp%2Fv2%2Fcategories&post=50624"},{"taxonomy":"post_tag","embeddable":true,"href":"https:\/\/elcronistadigital.com\/index.php?rest_route=%2Fwp%2Fv2%2Ftags&post=50624"}],"curies":[{"name":"wp","href":"https:\/\/api.w.org\/{rel}","templated":true}]}}