{"id":5064,"date":"2012-01-30T16:39:55","date_gmt":"2012-01-30T22:39:55","guid":{"rendered":"http:\/\/elcronistadigital.com\/?p=5064"},"modified":"2012-01-30T16:39:55","modified_gmt":"2012-01-30T22:39:55","slug":"los-muertos","status":"publish","type":"post","link":"https:\/\/elcronistadigital.com\/?p=5064","title":{"rendered":"Los muertos"},"content":{"rendered":"<p><a rel=\"attachment wp-att-5065\" href=\"https:\/\/elcronistadigital.com\/?attachment_id=5065\"><img loading=\"lazy\" decoding=\"async\" class=\"aligncenter size-full wp-image-5065\" title=\"Los muertos\" src=\"https:\/\/elcronistadigital.com\/wp-content\/uploads\/2012\/01\/Los-muertos.jpg\" alt=\"\" width=\"183\" height=\"275\" \/><\/a>Rub\u00e9n Aguilar Valenzuela<\/p>\n<p>El n\u00famero de asesinatos en el pa\u00eds alcanza los 47,515 en los primeros  cinco a\u00f1os del gobierno del presidente Felipe Calder\u00f3n, de acuerdo con  la Procuradur\u00eda General de la Rep\u00fablica (PGR). Es el resultado de la  fallida estrategia, impulsada por el actual gobierno, para enfrentar al  crimen organizado.<\/p>\n<p>&nbsp;<\/p>\n<p>Los asesinatos de enero a septiembre del  2011 fueron 12,903; sumados a los 34,612 reconocidos en el periodo  2006-2010 da la actual suma. El promedio es de 10,000 al a\u00f1o y de 27 al  d\u00eda. El n\u00famero de las muertes dolosas por 100,000 habitantes llega a 18  cuando en el 2005 era de s\u00f3lo ocho.<\/p>\n<p>&nbsp;<\/p>\n<p>En versi\u00f3n de los  especialistas, la cantidad total en el a\u00f1o podr\u00eda ser de 17,000 si se  suman los asesinatos del \u00faltimo trimestre, todav\u00eda no contabilizados  oficialmente, por lo que la cifra final ser\u00eda de 51,612 de diciembre del  2006 a mismo mes del 2011.<\/p>\n<p>&nbsp;<\/p>\n<p>De acuerdo con la PGR, el  incremento de los asesinatos del 2010 al 2011 fue de 11%, que es el  menor en estos cinco a\u00f1os, ya que en el comparativo 2009-2010 el  crecimiento fue de 70%; del 2008-2009, de 63%, y del 2007-2008, de 110  por ciento.<\/p>\n<p>&nbsp;<\/p>\n<p>La cifra absoluta de asesinatos en el sexenio, de  diciembre del 2006 a noviembre del 2011, podr\u00eda rondar entre los 63,612 y  los 68,612 de comportarse este a\u00f1o como lo hizo el 2011. De acuerdo con  especialistas, la cifra de este \u00faltimo a\u00f1o de gobierno podr\u00eda estar  entre los 12,000 y los 17,000 asesinatos.<\/p>\n<p>La PGR sostiene que en  el 2011, 70% de los asesinatos sucedi\u00f3 en ocho de los 32 estados que  son: Chihuahua (2,289), Guerrero (1,538), Nuevo Le\u00f3n (1,133), Tamaulipas  (1,108), Durango (709), Jalisco (622), Estado de M\u00e9xico (579) y  Coahuila (572).<\/p>\n<p>&nbsp;<\/p>\n<p>Los 10 municipios m\u00e1s violentos fueron: Ciudad  Ju\u00e1rez (1,206), Acapulco (795), Torre\u00f3n (476), Monterrey (399),  Culiac\u00e1n (365), Durango (309), San Fernando (292), Guasave (191),  Tijuana (183) y Veracruz (155). Todas, menos Veracruz, ciudades de los  estados mencionados.<\/p>\n<p>&nbsp;<\/p>\n<p>El gobierno se vio obligado a ofrecer las  cifras luego de que el peri\u00f3dico digital Animal Politico hiciera  p\u00fablico que la PGR se negaba a publicar la informaci\u00f3n, rebel\u00e1ndose a la  orden del Instituto Federal de Acceso a la Informaci\u00f3n y Datos  Personales (IFAI), que le exig\u00eda publicarlas.<\/p>\n<p>&nbsp;<\/p>\n<p>Al conocerse las  cifras, el presidente Felipe Calder\u00f3n dijo que las estad\u00edsticas  muestran que en Am\u00e9rica Latina hay pa\u00edses con \u00edndices superiores a los  de M\u00e9xico y cit\u00f3 los casos de Guatemala, Honduras, El Salvador, Colombia  y Brasil.<\/p>\n<p>&nbsp;<\/p>\n<p>Su afirmaci\u00f3n es cierta, pero deber\u00eda aclarar por  qu\u00e9 una tendencia hist\u00f3rica a la disminuci\u00f3n -se mantuvo constante en  los \u00faltimos 40 a\u00f1os, al pasar de 30 homicidios dolosos por 100,000  habitantes al inicio de los 70 a s\u00f3lo ocho en el 2005- se quebr\u00f3 con el  arribo de su gobierno. El Presidente debe esa respuesta a la sociedad.<\/p>\n","protected":false},"excerpt":{"rendered":"<p>Rub\u00e9n Aguilar Valenzuela El n\u00famero de asesinatos en el pa\u00eds alcanza los 47,515 en los primeros cinco a\u00f1os del gobierno del presidente Felipe Calder\u00f3n, de acuerdo con la Procuradur\u00eda General de la Rep\u00fablica (PGR). Es el resultado de la fallida estrategia, impulsada por el actual gobierno, para enfrentar al crimen organizado. &nbsp; Los asesinatos de [&hellip;]<\/p>\n","protected":false},"author":1,"featured_media":5065,"comment_status":"open","ping_status":"open","sticky":false,"template":"","format":"standard","meta":{"om_disable_all_campaigns":false,"_monsterinsights_skip_tracking":false,"_monsterinsights_sitenote_active":false,"_monsterinsights_sitenote_note":"","_monsterinsights_sitenote_category":0,"footnotes":""},"categories":[15],"tags":[],"class_list":["post-5064","post","type-post","status-publish","format-standard","has-post-thumbnail","hentry","category-politca"],"aioseo_notices":[],"_links":{"self":[{"href":"https:\/\/elcronistadigital.com\/index.php?rest_route=\/wp\/v2\/posts\/5064","targetHints":{"allow":["GET"]}}],"collection":[{"href":"https:\/\/elcronistadigital.com\/index.php?rest_route=\/wp\/v2\/posts"}],"about":[{"href":"https:\/\/elcronistadigital.com\/index.php?rest_route=\/wp\/v2\/types\/post"}],"author":[{"embeddable":true,"href":"https:\/\/elcronistadigital.com\/index.php?rest_route=\/wp\/v2\/users\/1"}],"replies":[{"embeddable":true,"href":"https:\/\/elcronistadigital.com\/index.php?rest_route=%2Fwp%2Fv2%2Fcomments&post=5064"}],"version-history":[{"count":3,"href":"https:\/\/elcronistadigital.com\/index.php?rest_route=\/wp\/v2\/posts\/5064\/revisions"}],"predecessor-version":[{"id":5068,"href":"https:\/\/elcronistadigital.com\/index.php?rest_route=\/wp\/v2\/posts\/5064\/revisions\/5068"}],"wp:featuredmedia":[{"embeddable":true,"href":"https:\/\/elcronistadigital.com\/index.php?rest_route=\/wp\/v2\/media\/5065"}],"wp:attachment":[{"href":"https:\/\/elcronistadigital.com\/index.php?rest_route=%2Fwp%2Fv2%2Fmedia&parent=5064"}],"wp:term":[{"taxonomy":"category","embeddable":true,"href":"https:\/\/elcronistadigital.com\/index.php?rest_route=%2Fwp%2Fv2%2Fcategories&post=5064"},{"taxonomy":"post_tag","embeddable":true,"href":"https:\/\/elcronistadigital.com\/index.php?rest_route=%2Fwp%2Fv2%2Ftags&post=5064"}],"curies":[{"name":"wp","href":"https:\/\/api.w.org\/{rel}","templated":true}]}}