{"id":5069,"date":"2012-01-31T16:46:41","date_gmt":"2012-01-31T22:46:41","guid":{"rendered":"http:\/\/elcronistadigital.com\/?p=5069"},"modified":"2012-01-31T16:46:41","modified_gmt":"2012-01-31T22:46:41","slug":"buscan-detener-masacre-de-tiburones-en-centroamerica","status":"publish","type":"post","link":"https:\/\/elcronistadigital.com\/?p=5069","title":{"rendered":"Buscan detener masacre de tiburones en Centroam\u00e9rica"},"content":{"rendered":"<div id=\"attachment_5070\" style=\"width: 275px\" class=\"wp-caption aligncenter\"><a rel=\"attachment wp-att-5070\" href=\"https:\/\/elcronistadigital.com\/?attachment_id=5070\"><img loading=\"lazy\" decoding=\"async\" aria-describedby=\"caption-attachment-5070\" class=\"size-full wp-image-5070\" title=\"Tibur\u00f3n toro\" src=\"https:\/\/elcronistadigital.com\/wp-content\/uploads\/2012\/01\/Tibur\u00f3n-toro.jpg\" alt=\"\" width=\"265\" height=\"190\" srcset=\"https:\/\/elcronistadigital.com\/wp-content\/uploads\/2012\/01\/Tibur\u00f3n-toro.jpg 265w, https:\/\/elcronistadigital.com\/wp-content\/uploads\/2012\/01\/Tibur\u00f3n-toro-90x65.jpg 90w\" sizes=\"auto, (max-width: 265px) 100vw, 265px\" \/><\/a><p id=\"caption-attachment-5070\" class=\"wp-caption-text\">El impresionante tibur\u00f3n &quot;Toro&quot;.<\/p><\/div>\n<p>* Cada vez est\u00e1n m\u00e1s escasos en el oc\u00e9ano Pac\u00edfico, en particular la variedad \u201cToro\u201d, que en su versi\u00f3n caribe\u00f1a visita el lago Cocibolca.<\/p>\n<p>Bi\u00f3logos marinos y ecologistas recomendaron en Panam\u00e1 la adopci\u00f3n de cambios urgentes en las pesquer\u00edas en los pa\u00edses de Centroam\u00e9rica con el objetivo de salvar a los tiburones, cada vez m\u00e1s escasos en aguas del Pac\u00edfico, seg\u00fan la agencia Dpa.<\/p>\n<p>El venezolano H\u00e9ctor Guzm\u00e1n, investigador del Instituto Smithsonian de Investigaciones Tropicales (STRI, por sus siglas en ingl\u00e9s), confirm\u00f3 que tres proyectos independientes confirman una \u00abpesca muy intensa\u00bb de tiburones en Panam\u00e1.<\/p>\n<p>Record\u00f3 que a bordo de naves industriales y artesanales, los cient\u00edficos pesaron y midieron a miles de tiburones. De 18 especies estudiadas, cinco est\u00e1n en \u00abestado cr\u00edtico\u00bb en el \u00e1mbito mundial.<\/p>\n<p>De hecho, el 96 por ciento de las capturas en Panam\u00e1 del tibur\u00f3n martillo (Sphyrna lewini), el m\u00e1s cotizado por los pescadores centroamericanos, son neonatos o juveniles.<\/p>\n<p>Informes oficiales indican que del 2000 al 2010 eran extra\u00eddas m\u00e1s de cuatro mil toneladas de tibur\u00f3n por a\u00f1o en este pa\u00eds, pero las capturas han ca\u00eddo en un 60 por ciento, debido a la disminuci\u00f3n del recurso.<\/p>\n<p>Guzm\u00e1n considera posible frenar la \u00abmasacre\u00bb de los grandes peces, a trav\u00e9s de la protecci\u00f3n de \u00e1reas de cr\u00eda y reproducci\u00f3n.<\/p>\n<p>Zuleika Pinz\u00f3n, directora ejecutiva de la no gubernamental Fundaci\u00f3n MarViva, dijo a dpa que la captura de especies en estado juvenil amenaza la sostenibilidad e insisti\u00f3 en la conservaci\u00f3n del tibur\u00f3n martillo (Sphyrna lewini), en peligro de extinci\u00f3n.<\/p>\n<p>A su vez, la bi\u00f3loga Yehudi Rodr\u00edguez, de la Autoridad de los Recursos Acu\u00e1ticos de Panam\u00e1 (ARAP), cuestion\u00f3 las capturas de las tallas peque\u00f1as de tibur\u00f3n, convertidas en materia prima para la elaboraci\u00f3n de platos de carne marinada, como el ceviche.<\/p>\n<p>Advirti\u00f3 que algunas especies, como el tibur\u00f3n toro (Carcharhinus leucas) y el tibur\u00f3n tigre (Galeocerdo cuvieri), casi no est\u00e1n presentes en el ecosistema centroamericano.<\/p>\n<p>Rodr\u00edguez reconoci\u00f3 que la regulaci\u00f3n de la pesca es un tema complejo, pero sostuvo que hay cambiar los mecanismos de captura, convertir a las \u00e1reas de crianza en zonas protegidas y promover un consumo responsable de los productos provenientes del mar.<\/p>\n","protected":false},"excerpt":{"rendered":"<p>* Cada vez est\u00e1n m\u00e1s escasos en el oc\u00e9ano Pac\u00edfico, en particular la variedad \u201cToro\u201d, que en su versi\u00f3n caribe\u00f1a visita el lago Cocibolca. Bi\u00f3logos marinos y ecologistas recomendaron en Panam\u00e1 la adopci\u00f3n de cambios urgentes en las pesquer\u00edas en los pa\u00edses de Centroam\u00e9rica con el objetivo de salvar a los tiburones, cada vez m\u00e1s [&hellip;]<\/p>\n","protected":false},"author":1,"featured_media":5070,"comment_status":"open","ping_status":"open","sticky":false,"template":"","format":"standard","meta":{"om_disable_all_campaigns":false,"_monsterinsights_skip_tracking":false,"_monsterinsights_sitenote_active":false,"_monsterinsights_sitenote_note":"","_monsterinsights_sitenote_category":0,"footnotes":""},"categories":[3,13],"tags":[],"class_list":["post-5069","post","type-post","status-publish","format-standard","has-post-thumbnail","hentry","category-nacionales","category-portada"],"aioseo_notices":[],"_links":{"self":[{"href":"https:\/\/elcronistadigital.com\/index.php?rest_route=\/wp\/v2\/posts\/5069","targetHints":{"allow":["GET"]}}],"collection":[{"href":"https:\/\/elcronistadigital.com\/index.php?rest_route=\/wp\/v2\/posts"}],"about":[{"href":"https:\/\/elcronistadigital.com\/index.php?rest_route=\/wp\/v2\/types\/post"}],"author":[{"embeddable":true,"href":"https:\/\/elcronistadigital.com\/index.php?rest_route=\/wp\/v2\/users\/1"}],"replies":[{"embeddable":true,"href":"https:\/\/elcronistadigital.com\/index.php?rest_route=%2Fwp%2Fv2%2Fcomments&post=5069"}],"version-history":[{"count":3,"href":"https:\/\/elcronistadigital.com\/index.php?rest_route=\/wp\/v2\/posts\/5069\/revisions"}],"predecessor-version":[{"id":5073,"href":"https:\/\/elcronistadigital.com\/index.php?rest_route=\/wp\/v2\/posts\/5069\/revisions\/5073"}],"wp:featuredmedia":[{"embeddable":true,"href":"https:\/\/elcronistadigital.com\/index.php?rest_route=\/wp\/v2\/media\/5070"}],"wp:attachment":[{"href":"https:\/\/elcronistadigital.com\/index.php?rest_route=%2Fwp%2Fv2%2Fmedia&parent=5069"}],"wp:term":[{"taxonomy":"category","embeddable":true,"href":"https:\/\/elcronistadigital.com\/index.php?rest_route=%2Fwp%2Fv2%2Fcategories&post=5069"},{"taxonomy":"post_tag","embeddable":true,"href":"https:\/\/elcronistadigital.com\/index.php?rest_route=%2Fwp%2Fv2%2Ftags&post=5069"}],"curies":[{"name":"wp","href":"https:\/\/api.w.org\/{rel}","templated":true}]}}