{"id":50730,"date":"2019-07-03T10:27:17","date_gmt":"2019-07-03T16:27:17","guid":{"rendered":"http:\/\/elcronistadigital.com\/?p=50730"},"modified":"2019-07-03T10:27:17","modified_gmt":"2019-07-03T16:27:17","slug":"eclipse-le-quedo-tatuado-en-los-ojos","status":"publish","type":"post","link":"https:\/\/elcronistadigital.com\/?p=50730","title":{"rendered":"Eclipse le qued\u00f3 tatuado en los ojos"},"content":{"rendered":"<p><a href=\"https:\/\/elcronistadigital.com\/wp-content\/uploads\/2019\/07\/da\u00f1os-ojos.jpg\"><img loading=\"lazy\" decoding=\"async\" class=\"alignleft size-full wp-image-50731\" alt=\"da\u00f1os ojos\" src=\"https:\/\/elcronistadigital.com\/wp-content\/uploads\/2019\/07\/da\u00f1os-ojos.jpg\" width=\"400\" height=\"300\" srcset=\"https:\/\/elcronistadigital.com\/wp-content\/uploads\/2019\/07\/da\u00f1os-ojos.jpg 400w, https:\/\/elcronistadigital.com\/wp-content\/uploads\/2019\/07\/da\u00f1os-ojos-300x225.jpg 300w, https:\/\/elcronistadigital.com\/wp-content\/uploads\/2019\/07\/da\u00f1os-ojos-342x256.jpg 342w, https:\/\/elcronistadigital.com\/wp-content\/uploads\/2019\/07\/da\u00f1os-ojos-60x45.jpg 60w, https:\/\/elcronistadigital.com\/wp-content\/uploads\/2019\/07\/da\u00f1os-ojos-150x113.jpg 150w, https:\/\/elcronistadigital.com\/wp-content\/uploads\/2019\/07\/da\u00f1os-ojos-269x201.jpg 269w\" sizes=\"auto, (max-width: 400px) 100vw, 400px\" \/><\/a>Una joven chilena que sufri\u00f3 un da\u00f1o irreversible en sus ojos tras mirar un eclipse solar sin lentes especiales, comparti\u00f3 su experiencia en la Red mediante un video en el que advierte a los usuarios de ese peligro, con ocasi\u00f3n del eclipse total que se vivi\u00f3 el martes en la regi\u00f3n meridional de Sudam\u00e9rica.<\/p>\n<p>La radiaci\u00f3n ultravioleta o infrarroja puede producir efectos nocivos para los \u00f3rganos de la visi\u00f3n. Y eso justamente fue lo que le sucedi\u00f3 a Daniela Ponce, la autora del material, al observar en el 2010 un eclipse parcial en la localidad chilena de Quilpu\u00e9.<\/p>\n<p>Los fotorreceptores de la retina de ambos ojos resultaron quemados por la luz del sol. Y desde entonces tuvo que empezar a usar lentes de manera permanente.<\/p>\n<p>\u00abQued\u00f3 tatuada la luz y la sombra del eclipse de Sol en mis ojos\u00bb, expres\u00f3 Ponce. Y a\u00f1adi\u00f3: \u00abDuele mucho, me dio estr\u00e9s postraum\u00e1tico, me tuve que cambiar de carrera, fue una cosa que cambi\u00f3 mi vida para siempre\u00bb.<\/p>\n<p>Da\u00f1o inadvertido<\/p>\n<p>Durante un eclipse, el Sol se encuentra opacado por la sombra de la Luna, de modo que podemos observarlo de manera directa por un tiempo m\u00e1s prolongado sin experimentar ninguna molestia o dolor. Sin embargo, la radiaci\u00f3n ultravioleta e infrarroja llega de todas formas a nuestros ojos sin que percibamos el da\u00f1o que nos inflige.<\/p>\n<p>Por ello, al mirar un eclipse, es necesario utilizar lentes certificados u otro tipo de material transparente, por ejemplo el cristal de una m\u00e1scara de soldar, para proteger nuestra visi\u00f3n.<\/p>\n","protected":false},"excerpt":{"rendered":"<p>Una joven chilena que sufri\u00f3 un da\u00f1o irreversible en sus ojos tras mirar un eclipse solar sin lentes especiales, comparti\u00f3 su experiencia en la Red mediante un video en el que advierte a los usuarios de ese peligro, con ocasi\u00f3n del eclipse total que se vivi\u00f3 el martes en la regi\u00f3n meridional de Sudam\u00e9rica. La [&hellip;]<\/p>\n","protected":false},"author":1,"featured_media":50731,"comment_status":"open","ping_status":"open","sticky":false,"template":"","format":"standard","meta":{"om_disable_all_campaigns":false,"_monsterinsights_skip_tracking":false,"_monsterinsights_sitenote_active":false,"_monsterinsights_sitenote_note":"","_monsterinsights_sitenote_category":0,"footnotes":""},"categories":[7,13],"tags":[],"class_list":["post-50730","post","type-post","status-publish","format-standard","has-post-thumbnail","hentry","category-salud-y-belleza","category-portada"],"aioseo_notices":[],"_links":{"self":[{"href":"https:\/\/elcronistadigital.com\/index.php?rest_route=\/wp\/v2\/posts\/50730","targetHints":{"allow":["GET"]}}],"collection":[{"href":"https:\/\/elcronistadigital.com\/index.php?rest_route=\/wp\/v2\/posts"}],"about":[{"href":"https:\/\/elcronistadigital.com\/index.php?rest_route=\/wp\/v2\/types\/post"}],"author":[{"embeddable":true,"href":"https:\/\/elcronistadigital.com\/index.php?rest_route=\/wp\/v2\/users\/1"}],"replies":[{"embeddable":true,"href":"https:\/\/elcronistadigital.com\/index.php?rest_route=%2Fwp%2Fv2%2Fcomments&post=50730"}],"version-history":[{"count":1,"href":"https:\/\/elcronistadigital.com\/index.php?rest_route=\/wp\/v2\/posts\/50730\/revisions"}],"predecessor-version":[{"id":50732,"href":"https:\/\/elcronistadigital.com\/index.php?rest_route=\/wp\/v2\/posts\/50730\/revisions\/50732"}],"wp:featuredmedia":[{"embeddable":true,"href":"https:\/\/elcronistadigital.com\/index.php?rest_route=\/wp\/v2\/media\/50731"}],"wp:attachment":[{"href":"https:\/\/elcronistadigital.com\/index.php?rest_route=%2Fwp%2Fv2%2Fmedia&parent=50730"}],"wp:term":[{"taxonomy":"category","embeddable":true,"href":"https:\/\/elcronistadigital.com\/index.php?rest_route=%2Fwp%2Fv2%2Fcategories&post=50730"},{"taxonomy":"post_tag","embeddable":true,"href":"https:\/\/elcronistadigital.com\/index.php?rest_route=%2Fwp%2Fv2%2Ftags&post=50730"}],"curies":[{"name":"wp","href":"https:\/\/api.w.org\/{rel}","templated":true}]}}