{"id":50741,"date":"2019-07-05T09:03:45","date_gmt":"2019-07-05T15:03:45","guid":{"rendered":"http:\/\/elcronistadigital.com\/?p=50741"},"modified":"2019-07-05T09:03:45","modified_gmt":"2019-07-05T15:03:45","slug":"orquestas-sinfonicas-estudiantiles-reciben-apoyo-de-taiwan","status":"publish","type":"post","link":"https:\/\/elcronistadigital.com\/?p=50741","title":{"rendered":"Orquestas Sinf\u00f3nicas Estudiantiles reciben apoyo de Taiw\u00e1n"},"content":{"rendered":"<p><a href=\"https:\/\/elcronistadigital.com\/wp-content\/uploads\/2019\/07\/orquesta.jpg\"><img loading=\"lazy\" decoding=\"async\" class=\"alignleft size-full wp-image-50742\" alt=\"orquesta\" src=\"https:\/\/elcronistadigital.com\/wp-content\/uploads\/2019\/07\/orquesta.jpg\" width=\"400\" height=\"300\" srcset=\"https:\/\/elcronistadigital.com\/wp-content\/uploads\/2019\/07\/orquesta.jpg 400w, https:\/\/elcronistadigital.com\/wp-content\/uploads\/2019\/07\/orquesta-300x225.jpg 300w, https:\/\/elcronistadigital.com\/wp-content\/uploads\/2019\/07\/orquesta-342x256.jpg 342w, https:\/\/elcronistadigital.com\/wp-content\/uploads\/2019\/07\/orquesta-60x45.jpg 60w, https:\/\/elcronistadigital.com\/wp-content\/uploads\/2019\/07\/orquesta-150x113.jpg 150w, https:\/\/elcronistadigital.com\/wp-content\/uploads\/2019\/07\/orquesta-269x201.jpg 269w\" sizes=\"auto, (max-width: 400px) 100vw, 400px\" \/><\/a>Este 4 de julio, en el Auditorio Central Elena Arellano del Mined, se llev\u00f3 a cabo el acto presidido por el embajador de la Rep\u00fablica de China (Taiw\u00e1n), Jaime Chin-Mu Wu y la ministra de Educaci\u00f3n Miriam Ra\u00fadez, para la presentaci\u00f3n del \u201cProyecto Fortalecimiento de Orquestas Sinf\u00f3nicas Estudiantiles\u201d.<\/p>\n<p>En dicho evento participaron el asesor presidencial en Asuntos Educativos, Salvador Vanegas, funcionarios del Mined, Minrex y miembros de la Embajada.<\/p>\n<p>El proyecto, patrocinado por el gobierno de Taiw\u00e1n, est\u00e1 dirigido a promover la pr\u00e1ctica del arte y el rescate de las tradiciones, como parte de la formaci\u00f3n integral dirigida a mejorar la permanencia y retenci\u00f3n escolar a nivel nacional. Asimismo se crear\u00e1n once nuevas orquestas sinf\u00f3nicas estudiantiles, dot\u00e1ndolas de instrumentos y accesorios musicales con el fin de optimizar la ense\u00f1anza musical y art\u00edstica.<\/p>\n<p>Durante el acto, el embajador Jaime Wu mencion\u00f3 que con este nuevo proyecto se estar\u00e1 impulsando la educaci\u00f3n integral desde un aspecto muy importante, como es el de la cultura y la m\u00fasica.<\/p>\n<p>Indic\u00f3 que con la colaboraci\u00f3n de US$ 232,899 d\u00f3lares, se prev\u00e9 la creaci\u00f3n de once nuevas orquestas sinf\u00f3nicas dotadas con materiales e instrumentos, que ayudar\u00e1n a promover la educaci\u00f3n cultural, el talento y fomentar la inteligencia musical y emocional de los ni\u00f1os y j\u00f3venes.<\/p>\n<p>Reafirm\u00f3 que Taiw\u00e1n continuar\u00e1 colaborando estrechamente con el Gobierno de Reconciliaci\u00f3n y Unidad Nacional, en sus esfuerzos por elevar a\u00fan m\u00e1s la calidad de la educaci\u00f3n a nivel nacional.<\/p>\n<p>Por su parte, el asesor Salvador Vanegas dijo que este proyecto viene a reforzar la calidad de la educaci\u00f3n, ya que permitir\u00e1 que los ni\u00f1os, adolescentes y j\u00f3venes desarrollen y mejoren sus capacidades art\u00edsticas y culturales, fortaleciendo de esta forma los valores de identidad nicarag\u00fcenses en cada uno de ellos.<a href=\"https:\/\/elcronistadigital.com\/wp-content\/uploads\/2019\/07\/orquesta1.jpg\"><img loading=\"lazy\" decoding=\"async\" class=\"alignright size-full wp-image-50743\" alt=\"orquesta1\" src=\"https:\/\/elcronistadigital.com\/wp-content\/uploads\/2019\/07\/orquesta1.jpg\" width=\"400\" height=\"300\" srcset=\"https:\/\/elcronistadigital.com\/wp-content\/uploads\/2019\/07\/orquesta1.jpg 400w, https:\/\/elcronistadigital.com\/wp-content\/uploads\/2019\/07\/orquesta1-300x225.jpg 300w, https:\/\/elcronistadigital.com\/wp-content\/uploads\/2019\/07\/orquesta1-342x256.jpg 342w, https:\/\/elcronistadigital.com\/wp-content\/uploads\/2019\/07\/orquesta1-60x45.jpg 60w, https:\/\/elcronistadigital.com\/wp-content\/uploads\/2019\/07\/orquesta1-150x113.jpg 150w, https:\/\/elcronistadigital.com\/wp-content\/uploads\/2019\/07\/orquesta1-269x201.jpg 269w\" sizes=\"auto, (max-width: 400px) 100vw, 400px\" \/><\/a><\/p>\n<p>Resalt\u00f3 que gracias al incondicional apoyo del pueblo y gobierno de Taiw\u00e1n, se ha venido logrando mejorar la calidad de la educaci\u00f3n, las infraestructuras y acondicionamiento de las escuelas, y la adquisici\u00f3n de materiales did\u00e1cticos adecuados para optimizar la ense\u00f1anza.<\/p>\n","protected":false},"excerpt":{"rendered":"<p>Este 4 de julio, en el Auditorio Central Elena Arellano del Mined, se llev\u00f3 a cabo el acto presidido por el embajador de la Rep\u00fablica de China (Taiw\u00e1n), Jaime Chin-Mu Wu y la ministra de Educaci\u00f3n Miriam Ra\u00fadez, para la presentaci\u00f3n del \u201cProyecto Fortalecimiento de Orquestas Sinf\u00f3nicas Estudiantiles\u201d. En dicho evento participaron el asesor presidencial [&hellip;]<\/p>\n","protected":false},"author":1,"featured_media":50743,"comment_status":"open","ping_status":"open","sticky":false,"template":"","format":"standard","meta":{"om_disable_all_campaigns":false,"_monsterinsights_skip_tracking":false,"_monsterinsights_sitenote_active":false,"_monsterinsights_sitenote_note":"","_monsterinsights_sitenote_category":0,"footnotes":""},"categories":[3,10,3524],"tags":[],"class_list":["post-50741","post","type-post","status-publish","format-standard","has-post-thumbnail","hentry","category-nacionales","category-cultura","category-noticas"],"aioseo_notices":[],"_links":{"self":[{"href":"https:\/\/elcronistadigital.com\/index.php?rest_route=\/wp\/v2\/posts\/50741","targetHints":{"allow":["GET"]}}],"collection":[{"href":"https:\/\/elcronistadigital.com\/index.php?rest_route=\/wp\/v2\/posts"}],"about":[{"href":"https:\/\/elcronistadigital.com\/index.php?rest_route=\/wp\/v2\/types\/post"}],"author":[{"embeddable":true,"href":"https:\/\/elcronistadigital.com\/index.php?rest_route=\/wp\/v2\/users\/1"}],"replies":[{"embeddable":true,"href":"https:\/\/elcronistadigital.com\/index.php?rest_route=%2Fwp%2Fv2%2Fcomments&post=50741"}],"version-history":[{"count":1,"href":"https:\/\/elcronistadigital.com\/index.php?rest_route=\/wp\/v2\/posts\/50741\/revisions"}],"predecessor-version":[{"id":50745,"href":"https:\/\/elcronistadigital.com\/index.php?rest_route=\/wp\/v2\/posts\/50741\/revisions\/50745"}],"wp:featuredmedia":[{"embeddable":true,"href":"https:\/\/elcronistadigital.com\/index.php?rest_route=\/wp\/v2\/media\/50743"}],"wp:attachment":[{"href":"https:\/\/elcronistadigital.com\/index.php?rest_route=%2Fwp%2Fv2%2Fmedia&parent=50741"}],"wp:term":[{"taxonomy":"category","embeddable":true,"href":"https:\/\/elcronistadigital.com\/index.php?rest_route=%2Fwp%2Fv2%2Fcategories&post=50741"},{"taxonomy":"post_tag","embeddable":true,"href":"https:\/\/elcronistadigital.com\/index.php?rest_route=%2Fwp%2Fv2%2Ftags&post=50741"}],"curies":[{"name":"wp","href":"https:\/\/api.w.org\/{rel}","templated":true}]}}