{"id":50765,"date":"2019-07-08T09:25:04","date_gmt":"2019-07-08T15:25:04","guid":{"rendered":"http:\/\/elcronistadigital.com\/?p=50765"},"modified":"2019-07-08T09:25:04","modified_gmt":"2019-07-08T15:25:04","slug":"parkinson-se-origina-en-el-tracto-digestivo","status":"publish","type":"post","link":"https:\/\/elcronistadigital.com\/?p=50765","title":{"rendered":"P\u00e1rkinson se origina en el tracto digestivo"},"content":{"rendered":"<p><a href=\"https:\/\/elcronistadigital.com\/wp-content\/uploads\/2019\/07\/park.jpg\"><img loading=\"lazy\" decoding=\"async\" class=\"alignleft size-full wp-image-50766\" alt=\"park\" src=\"https:\/\/elcronistadigital.com\/wp-content\/uploads\/2019\/07\/park.jpg\" width=\"400\" height=\"200\" srcset=\"https:\/\/elcronistadigital.com\/wp-content\/uploads\/2019\/07\/park.jpg 400w, https:\/\/elcronistadigital.com\/wp-content\/uploads\/2019\/07\/park-300x150.jpg 300w, https:\/\/elcronistadigital.com\/wp-content\/uploads\/2019\/07\/park-342x171.jpg 342w\" sizes=\"auto, (max-width: 400px) 100vw, 400px\" \/><\/a>Investigadores de EE.UU. afirman que han encontrado nuevas pruebas de que el mal de Parkinson, que afecta a casi un mill\u00f3n de personas en el pa\u00eds, podr\u00eda iniciarse en el tracto gastrointestinal propag\u00e1ndose al cerebro por v\u00eda del nervio vago, seg\u00fan un art\u00edculo que publica la revista Neuron.<\/p>\n<p>Las conclusiones \u00abproporcionan pruebas adicionales del papel del tracto digestivo en el mal de Parkinson y nos dan un modelo para estudiar la progresi\u00f3n de la enfermedad desde su comienzo\u00bb, manifiesta el profesor de Neurolog\u00eda de Ted Dawson, de la Escuela de Medicina de la Universidad Johns Hopkins, en Baltimore (EE.UU.).<\/p>\n<p>El P\u00e1rkinson se caracteriza por el desarrollo de una prote\u00edna mal plegada, denominada alfa-sinucle\u00edna, en las c\u00e9lulas del cerebro. Conforme ese tipo de prote\u00edna se va amontonando, causa la muerte de los tejidos nerviosos, dejando restos de materia cerebral muerta.<\/p>\n<p>Conexi\u00f3n entre el cerebro y el intestino<\/p>\n<p>El estudio se basa en las observaciones hechas en 2003 por el neuroanatomista alem\u00e1n Heiko Braak, quien demostr\u00f3 que los enfermos con P\u00e1rkinson tienen tambi\u00e9n acumulaciones de alfa-sinucle\u00edna en partes del sistema nervioso central que controlan el intestino. De acuerdo a la hip\u00f3tesis de Braak, ese mal avanza por los nervios que conectan el intestino con el cerebro como si estuviera subiendo una escalera.<\/p>\n<p>Otro de los autores del an\u00e1lisis de la Universidad Johns Hopkins, Hanseok Ko, destac\u00f3 que la aparici\u00f3n de alfa-sinucle\u00edna mal plegada es \u00abconsistente\u00bb con algunos de los primeros s\u00edntomas de la enfermedad, como el estre\u00f1imiento.<\/p>\n<p>En la investigaci\u00f3n, los expertos comprobaron si la prote\u00edna pod\u00eda trasladarse a trav\u00e9s del nervio vago, que funciona como un cable el\u00e9ctrico desde el est\u00f3mago y el intestino delgado hasta la base del cerebro. Para ello, inyectaron 25 microgramos de alfa-sinucle\u00edna sint\u00e9tica mal plegada, creada en laboratorio, en el intestino de decenas de ratones sanos.<\/p>\n<p>Los investigadores tomaron muestras y analizaron el tejido cerebral de esos roedores uno, tres, siete y diez meses despu\u00e9s de haberles inyectado la prote\u00edna sint\u00e9tica.<\/p>\n<p>A lo largo del experimento, los cient\u00edficos hallaron pruebas de que la alfa-nucle\u00edna comenzaba a construirse en las conexiones entre el nervio vago y el intestino, y se expand\u00eda por todas las partes del cerebro.<\/p>\n<p>En un experimento similar posterior, los expertos cortaron quir\u00fargicamente el nervio vago en un grupo de ratones y les inyectaron la alfa sinucle\u00edna, y siete meses m\u00e1s tarde vieron que no mostraban se\u00f1ales de neuronas muertas como las que se encontraban en los ratones con ese nervio intacto. \u00abEl corte del nervio vago al parecer detuvo los avances de la prote\u00edna mal plegada,\u00bb se\u00f1al\u00f3 Dawson.<\/p>\n<p>Los investigadores tambi\u00e9n indagaron si las diferencias f\u00edsicas en la progresi\u00f3n del p\u00e1rkinson resultaban en cambios de comportamiento en tres grupos de ratones: uno inyectado con alfa-sinucle\u00edna mal plegada, otros con esa prote\u00edna pero con secciones en su nervio vago, y otros que no hab\u00eda recibido ninguna inyecci\u00f3n y ten\u00edan su nervio vago intacto.<\/p>\n<p>Deterioro progresivo<\/p>\n<p>Y observaron tareas t\u00edpicas para identificar la enfermedad de Parkinson entre los ratones, como la creaci\u00f3n de sus madrigueras, hasta detectar que los roedores a los que se hab\u00eda inyectado la alfa-sinucle\u00edna mal plegada obten\u00edan puntuaciones menores que el resto. Al igual que ocurre en los humanos con p\u00e1rkinson, el control motor de los ratones se deterioraba a medida que la enfermedad avanzaba.<\/p>\n<p>Los cient\u00edficos concluyeron que la prote\u00edna puede transmitirse del intestino al cerebro de los ratones a trav\u00e9s del nervio vago, con lo que el bloqueo de la ruta de transmisi\u00f3n podr\u00eda ser clave para prevenir las manifestaciones f\u00edsicas y cognitivas de ese mal.<\/p>\n","protected":false},"excerpt":{"rendered":"<p>Investigadores de EE.UU. afirman que han encontrado nuevas pruebas de que el mal de Parkinson, que afecta a casi un mill\u00f3n de personas en el pa\u00eds, podr\u00eda iniciarse en el tracto gastrointestinal propag\u00e1ndose al cerebro por v\u00eda del nervio vago, seg\u00fan un art\u00edculo que publica la revista Neuron. Las conclusiones \u00abproporcionan pruebas adicionales del papel [&hellip;]<\/p>\n","protected":false},"author":1,"featured_media":50766,"comment_status":"open","ping_status":"open","sticky":false,"template":"","format":"standard","meta":{"om_disable_all_campaigns":false,"_monsterinsights_skip_tracking":false,"_monsterinsights_sitenote_active":false,"_monsterinsights_sitenote_note":"","_monsterinsights_sitenote_category":0,"footnotes":""},"categories":[7,9,13],"tags":[],"class_list":["post-50765","post","type-post","status-publish","format-standard","has-post-thumbnail","hentry","category-salud-y-belleza","category-ciencia-y-tecnologia","category-portada"],"aioseo_notices":[],"_links":{"self":[{"href":"https:\/\/elcronistadigital.com\/index.php?rest_route=\/wp\/v2\/posts\/50765","targetHints":{"allow":["GET"]}}],"collection":[{"href":"https:\/\/elcronistadigital.com\/index.php?rest_route=\/wp\/v2\/posts"}],"about":[{"href":"https:\/\/elcronistadigital.com\/index.php?rest_route=\/wp\/v2\/types\/post"}],"author":[{"embeddable":true,"href":"https:\/\/elcronistadigital.com\/index.php?rest_route=\/wp\/v2\/users\/1"}],"replies":[{"embeddable":true,"href":"https:\/\/elcronistadigital.com\/index.php?rest_route=%2Fwp%2Fv2%2Fcomments&post=50765"}],"version-history":[{"count":1,"href":"https:\/\/elcronistadigital.com\/index.php?rest_route=\/wp\/v2\/posts\/50765\/revisions"}],"predecessor-version":[{"id":50767,"href":"https:\/\/elcronistadigital.com\/index.php?rest_route=\/wp\/v2\/posts\/50765\/revisions\/50767"}],"wp:featuredmedia":[{"embeddable":true,"href":"https:\/\/elcronistadigital.com\/index.php?rest_route=\/wp\/v2\/media\/50766"}],"wp:attachment":[{"href":"https:\/\/elcronistadigital.com\/index.php?rest_route=%2Fwp%2Fv2%2Fmedia&parent=50765"}],"wp:term":[{"taxonomy":"category","embeddable":true,"href":"https:\/\/elcronistadigital.com\/index.php?rest_route=%2Fwp%2Fv2%2Fcategories&post=50765"},{"taxonomy":"post_tag","embeddable":true,"href":"https:\/\/elcronistadigital.com\/index.php?rest_route=%2Fwp%2Fv2%2Ftags&post=50765"}],"curies":[{"name":"wp","href":"https:\/\/api.w.org\/{rel}","templated":true}]}}