{"id":50835,"date":"2019-07-13T10:51:00","date_gmt":"2019-07-13T16:51:00","guid":{"rendered":"http:\/\/elcronistadigital.com\/?p=50835"},"modified":"2019-07-13T10:51:00","modified_gmt":"2019-07-13T16:51:00","slug":"despierta-cuando-iban-a-cremarlo","status":"publish","type":"post","link":"https:\/\/elcronistadigital.com\/?p=50835","title":{"rendered":"Despierta cuando iban a cremarlo"},"content":{"rendered":"<div id=\"attachment_50836\" style=\"width: 410px\" class=\"wp-caption alignleft\"><a href=\"https:\/\/elcronistadigital.com\/wp-content\/uploads\/2019\/07\/crfemaci\u00f3n-hind\u00fa.jpg\"><img loading=\"lazy\" decoding=\"async\" aria-describedby=\"caption-attachment-50836\" class=\"size-full wp-image-50836\" alt=\"Cremaci\u00f3n hund\u00fa, imagen ilustrativa.\" src=\"https:\/\/elcronistadigital.com\/wp-content\/uploads\/2019\/07\/crfemaci\u00f3n-hind\u00fa.jpg\" width=\"400\" height=\"266\" srcset=\"https:\/\/elcronistadigital.com\/wp-content\/uploads\/2019\/07\/crfemaci\u00f3n-hind\u00fa.jpg 400w, https:\/\/elcronistadigital.com\/wp-content\/uploads\/2019\/07\/crfemaci\u00f3n-hind\u00fa-300x199.jpg 300w, https:\/\/elcronistadigital.com\/wp-content\/uploads\/2019\/07\/crfemaci\u00f3n-hind\u00fa-342x227.jpg 342w\" sizes=\"auto, (max-width: 400px) 100vw, 400px\" \/><\/a><p id=\"caption-attachment-50836\" class=\"wp-caption-text\">Cremaci\u00f3n hund\u00fa, imagen ilustrativa.<\/p><\/div>\n<p>Un joven de 18 a\u00f1os se despert\u00f3 en medio de preparativos para su cremaci\u00f3n, luego de haber sido declarado en muerte cerebral en un hospital indio, informa The Hindustan Times.<\/p>\n<p>Gandham Kiran, del pueblo de Pillalamarri (estado de Telangana), fue hospitalizado el 26 de junio pasado con fiebre y v\u00f3mitos y los m\u00e9dicos le diagnosticaron una forma grave de hepatitis.<\/p>\n<p>Dos d\u00edas m\u00e1s tarde se sinti\u00f3 peor y fue transferido a una cl\u00ednica privada, donde cay\u00f3 en coma. El 3 de julio los especialistas afirmaron que su cerebro hab\u00eda muerto y que no sobrevivir\u00eda.<\/p>\n<p>Los familiares se lo llevaron a casa con un sistema de apoyo vital, para que Gandham rindiera su \u00faltimo suspiro en su pueblo natal, y empezaron a preparar los funerales: se coloc\u00f3 un cartel de homenaje, se erigi\u00f3 una tienda y se recogi\u00f3 le\u00f1a para la cremaci\u00f3n.<\/p>\n<p>Ya convocados los amigos y familiares del joven, la madre, que estaba llorando por la dif\u00edcil p\u00e9rdida, not\u00f3 l\u00e1grimas en los ojos de su hijo. De inmediato fue llamado un m\u00e9dico, quien examin\u00f3 al &#8216;difunto&#8217; y alab\u00f3 a los familiares por no desconectarlo del sistema de apoyo vital.<\/p>\n<p>Gandham fue ingresado en un hospital y tres d\u00edas m\u00e1s tarde recuper\u00f3 la conciencia y pudo hablar en voz baja. El 7 de julio fue dado de alta y al momento sigue siendo tratado en casa.<\/p>\n<p>A principios de este mes, otro joven indio, que hab\u00eda sido declarado muerto, se despert\u00f3 justo antes de ser enterrado durante su ceremonia f\u00fanebre.<\/p>\n<p>Fuente: RT.<\/p>\n","protected":false},"excerpt":{"rendered":"<p>Un joven de 18 a\u00f1os se despert\u00f3 en medio de preparativos para su cremaci\u00f3n, luego de haber sido declarado en muerte cerebral en un hospital indio, informa The Hindustan Times. Gandham Kiran, del pueblo de Pillalamarri (estado de Telangana), fue hospitalizado el 26 de junio pasado con fiebre y v\u00f3mitos y los m\u00e9dicos le diagnosticaron [&hellip;]<\/p>\n","protected":false},"author":1,"featured_media":50836,"comment_status":"open","ping_status":"open","sticky":false,"template":"","format":"standard","meta":{"om_disable_all_campaigns":false,"_monsterinsights_skip_tracking":false,"_monsterinsights_sitenote_active":false,"_monsterinsights_sitenote_note":"","_monsterinsights_sitenote_category":0,"footnotes":""},"categories":[10,13],"tags":[],"class_list":["post-50835","post","type-post","status-publish","format-standard","has-post-thumbnail","hentry","category-cultura","category-portada"],"aioseo_notices":[],"_links":{"self":[{"href":"https:\/\/elcronistadigital.com\/index.php?rest_route=\/wp\/v2\/posts\/50835","targetHints":{"allow":["GET"]}}],"collection":[{"href":"https:\/\/elcronistadigital.com\/index.php?rest_route=\/wp\/v2\/posts"}],"about":[{"href":"https:\/\/elcronistadigital.com\/index.php?rest_route=\/wp\/v2\/types\/post"}],"author":[{"embeddable":true,"href":"https:\/\/elcronistadigital.com\/index.php?rest_route=\/wp\/v2\/users\/1"}],"replies":[{"embeddable":true,"href":"https:\/\/elcronistadigital.com\/index.php?rest_route=%2Fwp%2Fv2%2Fcomments&post=50835"}],"version-history":[{"count":1,"href":"https:\/\/elcronistadigital.com\/index.php?rest_route=\/wp\/v2\/posts\/50835\/revisions"}],"predecessor-version":[{"id":50837,"href":"https:\/\/elcronistadigital.com\/index.php?rest_route=\/wp\/v2\/posts\/50835\/revisions\/50837"}],"wp:featuredmedia":[{"embeddable":true,"href":"https:\/\/elcronistadigital.com\/index.php?rest_route=\/wp\/v2\/media\/50836"}],"wp:attachment":[{"href":"https:\/\/elcronistadigital.com\/index.php?rest_route=%2Fwp%2Fv2%2Fmedia&parent=50835"}],"wp:term":[{"taxonomy":"category","embeddable":true,"href":"https:\/\/elcronistadigital.com\/index.php?rest_route=%2Fwp%2Fv2%2Fcategories&post=50835"},{"taxonomy":"post_tag","embeddable":true,"href":"https:\/\/elcronistadigital.com\/index.php?rest_route=%2Fwp%2Fv2%2Ftags&post=50835"}],"curies":[{"name":"wp","href":"https:\/\/api.w.org\/{rel}","templated":true}]}}