{"id":50953,"date":"2019-07-30T09:35:10","date_gmt":"2019-07-30T15:35:10","guid":{"rendered":"http:\/\/elcronistadigital.com\/?p=50953"},"modified":"2019-07-30T09:35:10","modified_gmt":"2019-07-30T15:35:10","slug":"las-oscuras-cifras-de-la-trata-de-personas","status":"publish","type":"post","link":"https:\/\/elcronistadigital.com\/?p=50953","title":{"rendered":"Las oscuras cifras de la trata de personas"},"content":{"rendered":"<p><a href=\"https:\/\/elcronistadigital.com\/wp-content\/uploads\/2019\/07\/trata.jpg\"><img loading=\"lazy\" decoding=\"async\" class=\"alignleft size-full wp-image-50954\" alt=\"trata\" src=\"https:\/\/elcronistadigital.com\/wp-content\/uploads\/2019\/07\/trata.jpg\" width=\"400\" height=\"239\" srcset=\"https:\/\/elcronistadigital.com\/wp-content\/uploads\/2019\/07\/trata.jpg 400w, https:\/\/elcronistadigital.com\/wp-content\/uploads\/2019\/07\/trata-300x179.jpg 300w, https:\/\/elcronistadigital.com\/wp-content\/uploads\/2019\/07\/trata-342x204.jpg 342w\" sizes=\"auto, (max-width: 400px) 100vw, 400px\" \/><\/a>El tr\u00e1fico humano est\u00e1 cobrando dimensiones espantosas. El \u00faltimo informe de Naciones Unidas indica que est\u00e1 aumentando en zonas de conflictos, y que en Am\u00e9rica las v\u00edctimas son mayormente ni\u00f1os y ni\u00f1as. En el D\u00eda Mundial contra la Trata de Personas, Sputnik te explica qu\u00e9 es y te acerca algunas cifras para que comprendas la magnitud del fen\u00f3meno.<\/p>\n<p>Desde 2013, cada 30 de julio Naciones Unidas (NU) conmemora el D\u00eda Mundial contra la Trata; una fecha necesaria para \u00abconcienciar sobre la situaci\u00f3n de las v\u00edctimas del tr\u00e1fico humano, y para promocionar y proteger sus derechos\u00bb.<\/p>\n<p>\u00bfQu\u00e9 es?<\/p>\n<p>Seg\u00fan la definici\u00f3n de NU, la trata de personas es el traslado de seres humanos de un lugar a otro \u2014dentro de las fronteras de un mismo pa\u00eds o hacia el exterior\u2014, con fines de explotaci\u00f3n. En la mayor parte de los casos, las personas son explotadas sexualmente, en labores o en la mendicidad.<\/p>\n<p>A su vez, el consentimiento de la v\u00edctima no entra en consideraci\u00f3n para que la acci\u00f3n sea entendida como tr\u00e1fico. En general, el consentimiento se obtiene a trav\u00e9s enga\u00f1os, amenazas, el uso de la fuerza u otras formas de coacci\u00f3n, como el rapto, el fraude, el abuso de poder o el aprovechamiento ante una situaci\u00f3n de vulnerabilidad.<\/p>\n<p>\u00bfA cu\u00e1ntas personas afecta?<\/p>\n<p>Calcular la cantidad de v\u00edctimas de trata es casi imposible, ya que en todo el mundo hay una subrepresentaci\u00f3n de los casos documentados, por tratarse de una actividad ilegal.<\/p>\n<p>No obstante, NU estima en 2,5 millones el n\u00famero de personas v\u00edctimas de la trata. Sin embargo, se calcula que por cada v\u00edctima identificada existen 20 m\u00e1s sin identificar.<\/p>\n<p>\u00bfCu\u00e1nto dinero mueve?<\/p>\n<p>Su magnitud es muy dif\u00edcil de calcular, ya que est\u00e1 constituido por transacciones delictivas. De todas formas, NU estima que este mercado il\u00edcito mueve 32.000 millones de d\u00f3lares.<\/p>\n<p>Seg\u00fan informaci\u00f3n de la Iniciativa Global contra la Trata de Personas, de las ganancias globales que se mueven detr\u00e1s del mercado il\u00edcito de la trata de personas, 1,300 millones de d\u00f3lares que equivalen al 4,1%, son generados en Am\u00e9rica Latina.<\/p>\n<p>El 49% se genera en pa\u00edses industrializados, caracterizados por ser los principales destinos de las v\u00edctimas que provienen de Latinoam\u00e9rica.<\/p>\n<p>Cifras y datos<\/p>\n<p>El Informe Global sobre Trata de Personas 2018 de la Oficina contra la Droga y el Delito (UNODC, presentado en enero de 2019), muestra el resultado del an\u00e1lisis de unos 24.000 casos documentados entre 2014 y 2016 en 142 pa\u00edses.<\/p>\n<p>En el informe se se\u00f1ala que en las zonas en conflicto han aumentado los casos de trata, donde los grupos armados secuestran a mujeres para recompensar a los combatientes con esclavas sexuales y usan a ni\u00f1os soldados para extender el miedo.<\/p>\n<p>\u00abLa trata est\u00e1 conectada con la mayor\u00eda de los conflictos armados\u00bb, asegur\u00f3 Yury Fedotox, el director ejecutivo de UNODC durante la presentaci\u00f3n del informe.<\/p>\n<p>\u00abEn situaciones caracterizadas por la violencia, la brutalidad y la coacci\u00f3n, los traficantes pueden operar con todav\u00eda mayor impunidad\u00bb, agreg\u00f3.<\/p>\n<p>La UNODC no ofrece datos sobre el n\u00famero de v\u00edctimas totales en zonas de guerra, pero asegura que milicias y grupos criminales han tratado de explotar a los desplazados por los conflictos de Siria, Irak y Afganist\u00e1n.<\/p>\n<p><span style=\"color: #993300;\"><strong>Estos son algunos datos revelados:<\/strong><\/span><\/p>\n<p><span style=\"color: #993300;\"><strong>-Norteam\u00e9rica, Am\u00e9rica Central y el Caribe son las regiones con un mayor porcentaje (66%) de ni\u00f1os, ni\u00f1as y adolescentes entre las v\u00edctimas de trata de personas.<\/strong><\/span><br \/>\n<span style=\"color: #993300;\"><strong> -13% de las v\u00edctimas de la trata de personas detectadas en Europa Central y occidental provienen de pa\u00edses de Am\u00e9rica del Sur.<\/strong><\/span><br \/>\n<span style=\"color: #993300;\"><strong> -La proporci\u00f3n de personas afectadas dentro de su propio pa\u00eds se ha duplicado en los \u00faltimos a\u00f1os, al 58% de todas las v\u00edctimas detectadas, evidenciando que la trata \u00abocurre a nuestro alrededor\u00bb.<\/strong><\/span><br \/>\n<span style=\"color: #993300;\"><strong> -La explotaci\u00f3n sexual (59%) sigue siendo el delito m\u00e1s frecuente, lo que hace que las mujeres y ni\u00f1as representen m\u00e1s del 70% las v\u00edctimas totales de la trata.<\/strong><\/span><br \/>\n<span style=\"color: #993300;\"><strong> -En todo el mundo, la mitad de las v\u00edctimas son mujeres adultas (49%), mientras que las ni\u00f1as suponen el 23% del total y su n\u00famero va en aumento. Los hombres representan el 21% y los ni\u00f1os, el 7%.<\/strong><\/span><br \/>\n<span style=\"color: #993300;\"><strong> -72% de las ni\u00f1as v\u00edctimas son explotadas sexualmente; mientras 50% de los ni\u00f1os trabaja forzosamente y un 27% es explotado sexualmente. La mendicidad, el uso de ni\u00f1os como soldados, y los matrimonios forzados son otras formas de explotaci\u00f3n.<\/strong><\/span><br \/>\n<span style=\"color: #993300;\"><strong> -El informe destaca que en Centroam\u00e9rica y el Caribe se ha detectado a m\u00e1s ni\u00f1as como v\u00edctimas de explotaci\u00f3n sexual que en otras regiones, donde suelen ser mujeres adultas.<\/strong><\/span><br \/>\n<span style=\"color: #993300;\"><strong> -Otras v\u00edctimas trabajan en condiciones de esclavitud en tareas dom\u00e9sticas, en sectores como la miner\u00eda y la pesca, son utilizadas para la mendicidad infantil o la extracci\u00f3n de \u00f3rganos.<\/strong><\/span><\/p>\n<p>Sin embargo, NU advierte que estas cifras son solo la \u00abpunta del iceberg\u00bb, ya que muchas de las v\u00edctimas no son detectadas y no todos los pa\u00edses cuentan con los mecanismos adecuados para perseguir este delito.<\/p>\n<p>Fuente: Sputnik.<\/p>\n","protected":false},"excerpt":{"rendered":"<p>El tr\u00e1fico humano est\u00e1 cobrando dimensiones espantosas. El \u00faltimo informe de Naciones Unidas indica que est\u00e1 aumentando en zonas de conflictos, y que en Am\u00e9rica las v\u00edctimas son mayormente ni\u00f1os y ni\u00f1as. En el D\u00eda Mundial contra la Trata de Personas, Sputnik te explica qu\u00e9 es y te acerca algunas cifras para que comprendas la [&hellip;]<\/p>\n","protected":false},"author":1,"featured_media":50954,"comment_status":"open","ping_status":"open","sticky":false,"template":"","format":"standard","meta":{"om_disable_all_campaigns":false,"_monsterinsights_skip_tracking":false,"_monsterinsights_sitenote_active":false,"_monsterinsights_sitenote_note":"","_monsterinsights_sitenote_category":0,"footnotes":""},"categories":[3524,13],"tags":[],"class_list":["post-50953","post","type-post","status-publish","format-standard","has-post-thumbnail","hentry","category-noticas","category-portada"],"aioseo_notices":[],"_links":{"self":[{"href":"https:\/\/elcronistadigital.com\/index.php?rest_route=\/wp\/v2\/posts\/50953","targetHints":{"allow":["GET"]}}],"collection":[{"href":"https:\/\/elcronistadigital.com\/index.php?rest_route=\/wp\/v2\/posts"}],"about":[{"href":"https:\/\/elcronistadigital.com\/index.php?rest_route=\/wp\/v2\/types\/post"}],"author":[{"embeddable":true,"href":"https:\/\/elcronistadigital.com\/index.php?rest_route=\/wp\/v2\/users\/1"}],"replies":[{"embeddable":true,"href":"https:\/\/elcronistadigital.com\/index.php?rest_route=%2Fwp%2Fv2%2Fcomments&post=50953"}],"version-history":[{"count":2,"href":"https:\/\/elcronistadigital.com\/index.php?rest_route=\/wp\/v2\/posts\/50953\/revisions"}],"predecessor-version":[{"id":50956,"href":"https:\/\/elcronistadigital.com\/index.php?rest_route=\/wp\/v2\/posts\/50953\/revisions\/50956"}],"wp:featuredmedia":[{"embeddable":true,"href":"https:\/\/elcronistadigital.com\/index.php?rest_route=\/wp\/v2\/media\/50954"}],"wp:attachment":[{"href":"https:\/\/elcronistadigital.com\/index.php?rest_route=%2Fwp%2Fv2%2Fmedia&parent=50953"}],"wp:term":[{"taxonomy":"category","embeddable":true,"href":"https:\/\/elcronistadigital.com\/index.php?rest_route=%2Fwp%2Fv2%2Fcategories&post=50953"},{"taxonomy":"post_tag","embeddable":true,"href":"https:\/\/elcronistadigital.com\/index.php?rest_route=%2Fwp%2Fv2%2Ftags&post=50953"}],"curies":[{"name":"wp","href":"https:\/\/api.w.org\/{rel}","templated":true}]}}