{"id":51163,"date":"2019-08-22T06:33:20","date_gmt":"2019-08-22T12:33:20","guid":{"rendered":"http:\/\/elcronistadigital.com\/?p=51163"},"modified":"2019-08-22T06:33:20","modified_gmt":"2019-08-22T12:33:20","slug":"taiwan-colabora-con-la-formacion-de-coros-estudiantiles","status":"publish","type":"post","link":"https:\/\/elcronistadigital.com\/?p=51163","title":{"rendered":"Taiw\u00e1n colabora con la formaci\u00f3n de Coros Estudiantiles"},"content":{"rendered":"<p><a href=\"https:\/\/elcronistadigital.com\/wp-content\/uploads\/2019\/08\/coro.jpg\"><img loading=\"lazy\" decoding=\"async\" class=\"alignleft size-full wp-image-51164\" alt=\"coro\" src=\"https:\/\/elcronistadigital.com\/wp-content\/uploads\/2019\/08\/coro.jpg\" width=\"400\" height=\"293\" srcset=\"https:\/\/elcronistadigital.com\/wp-content\/uploads\/2019\/08\/coro.jpg 400w, https:\/\/elcronistadigital.com\/wp-content\/uploads\/2019\/08\/coro-300x219.jpg 300w, https:\/\/elcronistadigital.com\/wp-content\/uploads\/2019\/08\/coro-342x250.jpg 342w, https:\/\/elcronistadigital.com\/wp-content\/uploads\/2019\/08\/coro-60x45.jpg 60w, https:\/\/elcronistadigital.com\/wp-content\/uploads\/2019\/08\/coro-90x65.jpg 90w\" sizes=\"auto, (max-width: 400px) 100vw, 400px\" \/><\/a>En el Instituto Experimental M\u00e9xico, la ministra de Educaci\u00f3n, Miriam R\u00e1udez y el embajador de la Rep\u00fablica de China (Taiw\u00e1n), Jaime Chin-Mu Wu, presidieron este 21 de agosto el acto de entrega de fondos para la ejecuci\u00f3n del Proyecto Fortalecimiento de Coros Estudiantiles \u201cRub\u00e9n Dar\u00edo\u201d.<\/p>\n<p>En dicha actividad participaron el ministro Asesor Presidencial en Asuntos Educativos, Salvador Vanegas; el Director del Teatro Nacional Rub\u00e9n Dar\u00edo, Ram\u00f3n Rodr\u00edguez; funcionarios del Mined; Minrex; cuerpo docente y estudiantil del Instituto y miembros de la Embajada.<\/p>\n<p>Durante el acto, el embajador Jaime Wu indic\u00f3 que es un honor poder patentizar la solidaridad del Gobierno y Pueblo de Taiw\u00e1n para con el Gobierno y Pueblo de Nicaragua. Resalt\u00f3 que la m\u00fasica es muy importante en la vida de los seres humanos y es un gran aliado de los estudios, ya que ayuda a que los estudiantes tengan un desarrollo eficaz y eficiente.<\/p>\n<p>Tambi\u00e9n manifest\u00f3 que con este aporte se entregar\u00e1n equipos y vestimenta para las pr\u00e1cticas y presentaciones de los coros estudiantiles. Asimismo, se\u00f1al\u00f3 que Taiw\u00e1n ha venido colaborando con el Mined en diversos proyectos educativos, entre los que est\u00e1 el envi\u00f3 de voluntarias para apoyar las capacitaciones a los docentes de ingl\u00e9s de primaria.<\/p>\n<p>Por \u00faltimo, ratific\u00f3 la voluntad de Taiw\u00e1n de continuar trabajando con el Gobierno de Reconciliaci\u00f3n y Unidad Nacional y con el Mined, en la promoci\u00f3n de una educaci\u00f3n de calidad.<\/p>\n<p>En tanto, el asesor Vanegas afirm\u00f3 que la calidad educativa avanza hacia el desarrollo, por lo cual este proyecto es muy importante ya que prioriza el talento art\u00edstico, a trav\u00e9s de una formaci\u00f3n integral.<\/p>\n<p>Subray\u00f3 que s\u00f3lo la educaci\u00f3n puede asegurar el desarrollo humano y s\u00f3lo el desarrollo humano puede asegurar al progreso social y econ\u00f3mico de un pa\u00eds, y en la b\u00fasqueda de ese porvenir, el gobierno y pueblo de Taiw\u00e1n han sido socios incondicionales. Agradeci\u00f3 al gobierno de Nicaragua y al de Taiw\u00e1n por brindar nuevas alternativas para un crecimiento integral de la ni\u00f1ez y adolescencia nicarag\u00fcense.<a href=\"https:\/\/elcronistadigital.com\/wp-content\/uploads\/2019\/08\/coro1.jpg\"><img loading=\"lazy\" decoding=\"async\" class=\"alignright size-full wp-image-51165\" alt=\"coro1\" src=\"https:\/\/elcronistadigital.com\/wp-content\/uploads\/2019\/08\/coro1.jpg\" width=\"400\" height=\"219\" srcset=\"https:\/\/elcronistadigital.com\/wp-content\/uploads\/2019\/08\/coro1.jpg 400w, https:\/\/elcronistadigital.com\/wp-content\/uploads\/2019\/08\/coro1-300x164.jpg 300w, https:\/\/elcronistadigital.com\/wp-content\/uploads\/2019\/08\/coro1-342x187.jpg 342w\" sizes=\"auto, (max-width: 400px) 100vw, 400px\" \/><\/a><\/p>\n<p>Por su parte, el director Rodr\u00edguez mencion\u00f3 que la meta provista a trav\u00e9s de este proyecto, es la formaci\u00f3n de m\u00e1s de 120 instructores de m\u00fasica ubicados en 75 municipios del pa\u00eds, los cuales saldr\u00e1n de la aplicaci\u00f3n de tres importantes fases como son la de recibir clases de m\u00fasica, tocar en las orquestas y ense\u00f1ar m\u00fasica. Al finalizar, dio las gracias por el esfuerzo y la alianza que existe entre el gobierno de Nicaragua y el al gobierno de Taiw\u00e1n, en pro del desarrollo de la educaci\u00f3n en el pa\u00eds.<\/p>\n","protected":false},"excerpt":{"rendered":"<p>En el Instituto Experimental M\u00e9xico, la ministra de Educaci\u00f3n, Miriam R\u00e1udez y el embajador de la Rep\u00fablica de China (Taiw\u00e1n), Jaime Chin-Mu Wu, presidieron este 21 de agosto el acto de entrega de fondos para la ejecuci\u00f3n del Proyecto Fortalecimiento de Coros Estudiantiles \u201cRub\u00e9n Dar\u00edo\u201d. En dicha actividad participaron el ministro Asesor Presidencial en Asuntos [&hellip;]<\/p>\n","protected":false},"author":1,"featured_media":51164,"comment_status":"open","ping_status":"open","sticky":false,"template":"","format":"standard","meta":{"om_disable_all_campaigns":false,"_monsterinsights_skip_tracking":false,"_monsterinsights_sitenote_active":false,"_monsterinsights_sitenote_note":"","_monsterinsights_sitenote_category":0,"footnotes":""},"categories":[3,10,3524],"tags":[],"class_list":["post-51163","post","type-post","status-publish","format-standard","has-post-thumbnail","hentry","category-nacionales","category-cultura","category-noticas"],"aioseo_notices":[],"_links":{"self":[{"href":"https:\/\/elcronistadigital.com\/index.php?rest_route=\/wp\/v2\/posts\/51163","targetHints":{"allow":["GET"]}}],"collection":[{"href":"https:\/\/elcronistadigital.com\/index.php?rest_route=\/wp\/v2\/posts"}],"about":[{"href":"https:\/\/elcronistadigital.com\/index.php?rest_route=\/wp\/v2\/types\/post"}],"author":[{"embeddable":true,"href":"https:\/\/elcronistadigital.com\/index.php?rest_route=\/wp\/v2\/users\/1"}],"replies":[{"embeddable":true,"href":"https:\/\/elcronistadigital.com\/index.php?rest_route=%2Fwp%2Fv2%2Fcomments&post=51163"}],"version-history":[{"count":1,"href":"https:\/\/elcronistadigital.com\/index.php?rest_route=\/wp\/v2\/posts\/51163\/revisions"}],"predecessor-version":[{"id":51166,"href":"https:\/\/elcronistadigital.com\/index.php?rest_route=\/wp\/v2\/posts\/51163\/revisions\/51166"}],"wp:featuredmedia":[{"embeddable":true,"href":"https:\/\/elcronistadigital.com\/index.php?rest_route=\/wp\/v2\/media\/51164"}],"wp:attachment":[{"href":"https:\/\/elcronistadigital.com\/index.php?rest_route=%2Fwp%2Fv2%2Fmedia&parent=51163"}],"wp:term":[{"taxonomy":"category","embeddable":true,"href":"https:\/\/elcronistadigital.com\/index.php?rest_route=%2Fwp%2Fv2%2Fcategories&post=51163"},{"taxonomy":"post_tag","embeddable":true,"href":"https:\/\/elcronistadigital.com\/index.php?rest_route=%2Fwp%2Fv2%2Ftags&post=51163"}],"curies":[{"name":"wp","href":"https:\/\/api.w.org\/{rel}","templated":true}]}}