{"id":51421,"date":"2019-09-25T10:28:32","date_gmt":"2019-09-25T16:28:32","guid":{"rendered":"http:\/\/elcronistadigital.com\/?p=51421"},"modified":"2019-09-25T10:28:32","modified_gmt":"2019-09-25T16:28:32","slug":"colombiana-anuncia-su-asesinato-en-mexico","status":"publish","type":"post","link":"https:\/\/elcronistadigital.com\/?p=51421","title":{"rendered":"Colombiana anuncia su asesinato en M\u00e9xico"},"content":{"rendered":"<p><span style=\"color: #993300;\"><em><strong><a href=\"https:\/\/elcronistadigital.com\/wp-content\/uploads\/2019\/09\/youtuber.jpg\"><img loading=\"lazy\" decoding=\"async\" class=\"alignleft size-full wp-image-51420\" alt=\"youtuber\" src=\"https:\/\/elcronistadigital.com\/wp-content\/uploads\/2019\/09\/youtuber.jpg\" width=\"400\" height=\"295\" srcset=\"https:\/\/elcronistadigital.com\/wp-content\/uploads\/2019\/09\/youtuber.jpg 400w, https:\/\/elcronistadigital.com\/wp-content\/uploads\/2019\/09\/youtuber-300x221.jpg 300w, https:\/\/elcronistadigital.com\/wp-content\/uploads\/2019\/09\/youtuber-342x252.jpg 342w, https:\/\/elcronistadigital.com\/wp-content\/uploads\/2019\/09\/youtuber-60x45.jpg 60w, https:\/\/elcronistadigital.com\/wp-content\/uploads\/2019\/09\/youtuber-90x65.jpg 90w\" sizes=\"auto, (max-width: 400px) 100vw, 400px\" \/><\/a>* Se trata de una mujer de 22 a\u00f1os que podr\u00eda haber sido v\u00edctima de una red de trata de personas.<\/strong><\/em><\/span><\/p>\n<p>El cuerpo sin vida de una joven colombiana llamada Daniela Pati\u00f1o fue hallado el pasado martes 17 de septiembre en Playa del Carmen (M\u00e9xico), y este mi\u00e9rcoles ha trascendido que la mujer, de 22 a\u00f1os de edad, hab\u00eda advertido a sus padres de que se encontraba amenazada de muerte, tal como informa Noticias Caracol.<\/p>\n<p>La j\u00f3ven, que ten\u00eda intenci\u00f3n de convertirse en youtuber, tom\u00f3 la determinaci\u00f3n de partir hacia Espa\u00f1a en busca de oportunidades profesionales. Sin embargo, no lleg\u00f3 a su destino. Desde Guatemala envi\u00f3 mensajes de texto a sus padres advirtiendo del peligro en el que se encontraba. \u00abMe van a matar. Si me matan, denuncias a este lugar. Por la zona 10 de Guatemala o carretera El Salvador\u00bb, les escribi\u00f3.<\/p>\n<p>Al parecer, la joven habr\u00eda sido enga\u00f1ada durante su viaje por una amiga con la promesa de un mejor empleo y termin\u00f3 captada por alguna de la redes de trata de personas que operan en Guatemala.<\/p>\n<p>En una entrevista emitida por el noticiero colombiano, el padre de la v\u00edctima, Elkin Pati\u00f1o, explica que su hija admiti\u00f3 estar siendo v\u00edctima de \u00abuna trata de blancas\u00bb, y posteriormente su madre, Martha Hinestrosa, solicita a las autoridades la pronta repatriaci\u00f3n de los restos de la j\u00f3ven.<\/p>\n<p>De 2015 al primer semestre de 2019, se registraron 3.200 feminicidios en M\u00e9xico, seg\u00fan cifras del Secretariado Ejecutivo del Sistema Nacional de Seguridad P\u00fablica (SESNSP) del pa\u00eds. Por otra parte, un informe del Comit\u00e9 para la Eliminaci\u00f3n de la Discriminaci\u00f3n contra la Mujer de Naciones Unidas denuncia que en M\u00e9xico son asesinadas 9 mujeres al d\u00eda.<\/p>\n","protected":false},"excerpt":{"rendered":"<p>* Se trata de una mujer de 22 a\u00f1os que podr\u00eda haber sido v\u00edctima de una red de trata de personas. El cuerpo sin vida de una joven colombiana llamada Daniela Pati\u00f1o fue hallado el pasado martes 17 de septiembre en Playa del Carmen (M\u00e9xico), y este mi\u00e9rcoles ha trascendido que la mujer, de 22 [&hellip;]<\/p>\n","protected":false},"author":1,"featured_media":51420,"comment_status":"open","ping_status":"open","sticky":false,"template":"","format":"standard","meta":{"om_disable_all_campaigns":false,"_monsterinsights_skip_tracking":false,"_monsterinsights_sitenote_active":false,"_monsterinsights_sitenote_note":"","_monsterinsights_sitenote_category":0,"footnotes":""},"categories":[3524,13],"tags":[],"class_list":["post-51421","post","type-post","status-publish","format-standard","has-post-thumbnail","hentry","category-noticas","category-portada"],"aioseo_notices":[],"_links":{"self":[{"href":"https:\/\/elcronistadigital.com\/index.php?rest_route=\/wp\/v2\/posts\/51421","targetHints":{"allow":["GET"]}}],"collection":[{"href":"https:\/\/elcronistadigital.com\/index.php?rest_route=\/wp\/v2\/posts"}],"about":[{"href":"https:\/\/elcronistadigital.com\/index.php?rest_route=\/wp\/v2\/types\/post"}],"author":[{"embeddable":true,"href":"https:\/\/elcronistadigital.com\/index.php?rest_route=\/wp\/v2\/users\/1"}],"replies":[{"embeddable":true,"href":"https:\/\/elcronistadigital.com\/index.php?rest_route=%2Fwp%2Fv2%2Fcomments&post=51421"}],"version-history":[{"count":1,"href":"https:\/\/elcronistadigital.com\/index.php?rest_route=\/wp\/v2\/posts\/51421\/revisions"}],"predecessor-version":[{"id":51422,"href":"https:\/\/elcronistadigital.com\/index.php?rest_route=\/wp\/v2\/posts\/51421\/revisions\/51422"}],"wp:featuredmedia":[{"embeddable":true,"href":"https:\/\/elcronistadigital.com\/index.php?rest_route=\/wp\/v2\/media\/51420"}],"wp:attachment":[{"href":"https:\/\/elcronistadigital.com\/index.php?rest_route=%2Fwp%2Fv2%2Fmedia&parent=51421"}],"wp:term":[{"taxonomy":"category","embeddable":true,"href":"https:\/\/elcronistadigital.com\/index.php?rest_route=%2Fwp%2Fv2%2Fcategories&post=51421"},{"taxonomy":"post_tag","embeddable":true,"href":"https:\/\/elcronistadigital.com\/index.php?rest_route=%2Fwp%2Fv2%2Ftags&post=51421"}],"curies":[{"name":"wp","href":"https:\/\/api.w.org\/{rel}","templated":true}]}}