{"id":51437,"date":"2019-09-30T07:19:40","date_gmt":"2019-09-30T13:19:40","guid":{"rendered":"http:\/\/elcronistadigital.com\/?p=51437"},"modified":"2019-09-30T07:19:40","modified_gmt":"2019-09-30T13:19:40","slug":"muere-al-explotar-telefono-celular-mientras-escuchaba-musica","status":"publish","type":"post","link":"https:\/\/elcronistadigital.com\/?p=51437","title":{"rendered":"Muere al explotar tel\u00e9fono celular mientras escuchaba m\u00fasica"},"content":{"rendered":"<p><span style=\"color: #993300;\"><em><strong><a href=\"https:\/\/elcronistadigital.com\/wp-content\/uploads\/2019\/09\/m\u00f3vil-explota.jpg\"><img loading=\"lazy\" decoding=\"async\" class=\"alignleft size-full wp-image-51438\" alt=\"m\u00f3vil explota\" src=\"https:\/\/elcronistadigital.com\/wp-content\/uploads\/2019\/09\/m\u00f3vil-explota.jpg\" width=\"400\" height=\"260\" srcset=\"https:\/\/elcronistadigital.com\/wp-content\/uploads\/2019\/09\/m\u00f3vil-explota.jpg 400w, https:\/\/elcronistadigital.com\/wp-content\/uploads\/2019\/09\/m\u00f3vil-explota-300x195.jpg 300w, https:\/\/elcronistadigital.com\/wp-content\/uploads\/2019\/09\/m\u00f3vil-explota-342x222.jpg 342w\" sizes=\"auto, (max-width: 400px) 100vw, 400px\" \/><\/a>* El cuerpo sin vida de la menor fue encontrado con heridas de gravedad y la bater\u00eda del tel\u00e9fono destruida cerca de su cabeza.<\/strong><\/em><\/span><\/p>\n<p>Una adolescente de 14 a\u00f1os de Kazajist\u00e1n, falleci\u00f3 el s\u00e1bado tras explotar la bater\u00eda de su tel\u00e9fono mientras lo cargaba sobre su almohada durante la noche. Al parecer, la menor estaba escuchando m\u00fasica en el dispositivo y se qued\u00f3 dormida con el aparato encendido, informaron medios locales.<\/p>\n<p>El cuerpo de Alua Asetkyzy Abzalbek fue hallado sin vida por la ma\u00f1ana en su domicilio en la localidad de Bastobe. Seg\u00fan los reportes, la adolescente presentaba heridas de gravedad y se encontr\u00f3 la bater\u00eda del tel\u00e9fono destruida cerca de su cabeza.<\/p>\n<p>Horas m\u00e1s tarde, los expertos forenses confirmaron que el celular explot\u00f3 en las primeras horas de la ma\u00f1ana despu\u00e9s de sobrecalentarse durante el proceso de carga. De momento, las autoridades no han revelado la marca del tel\u00e9fono y tampoco precisaron si la menor utilizaba un cargador original.<\/p>\n<p>El caso se suma a decenas de accidentes similares reportados en los \u00faltimos meses desde distintas partes del mundo. Varias investigaciones han advertido sobre los riesgos de utilizar cargadores gen\u00e9ricos debido a que la mayor\u00eda de este tipo de productos no pasa las pruebas de seguridad b\u00e1sicas y por lo tanto el riesgo de sufrir siniestros es mayor.<\/p>\n<p>Por ejemplo, un estudio realizado en Reino Unido por Electrical Safety First se\u00f1al\u00f3 que de 64 cargadores gen\u00e9ricos de Apple, el 58 % fall\u00f3 el test de resistencia el\u00e9ctrica. El informe recomienda prestar atenci\u00f3n a los dispositivos mientras se cargan.<\/p>\n","protected":false},"excerpt":{"rendered":"<p>* El cuerpo sin vida de la menor fue encontrado con heridas de gravedad y la bater\u00eda del tel\u00e9fono destruida cerca de su cabeza. Una adolescente de 14 a\u00f1os de Kazajist\u00e1n, falleci\u00f3 el s\u00e1bado tras explotar la bater\u00eda de su tel\u00e9fono mientras lo cargaba sobre su almohada durante la noche. Al parecer, la menor estaba [&hellip;]<\/p>\n","protected":false},"author":1,"featured_media":51438,"comment_status":"open","ping_status":"open","sticky":false,"template":"","format":"standard","meta":{"om_disable_all_campaigns":false,"_monsterinsights_skip_tracking":false,"_monsterinsights_sitenote_active":false,"_monsterinsights_sitenote_note":"","_monsterinsights_sitenote_category":0,"footnotes":""},"categories":[3524,13],"tags":[],"class_list":["post-51437","post","type-post","status-publish","format-standard","has-post-thumbnail","hentry","category-noticas","category-portada"],"aioseo_notices":[],"_links":{"self":[{"href":"https:\/\/elcronistadigital.com\/index.php?rest_route=\/wp\/v2\/posts\/51437","targetHints":{"allow":["GET"]}}],"collection":[{"href":"https:\/\/elcronistadigital.com\/index.php?rest_route=\/wp\/v2\/posts"}],"about":[{"href":"https:\/\/elcronistadigital.com\/index.php?rest_route=\/wp\/v2\/types\/post"}],"author":[{"embeddable":true,"href":"https:\/\/elcronistadigital.com\/index.php?rest_route=\/wp\/v2\/users\/1"}],"replies":[{"embeddable":true,"href":"https:\/\/elcronistadigital.com\/index.php?rest_route=%2Fwp%2Fv2%2Fcomments&post=51437"}],"version-history":[{"count":1,"href":"https:\/\/elcronistadigital.com\/index.php?rest_route=\/wp\/v2\/posts\/51437\/revisions"}],"predecessor-version":[{"id":51439,"href":"https:\/\/elcronistadigital.com\/index.php?rest_route=\/wp\/v2\/posts\/51437\/revisions\/51439"}],"wp:featuredmedia":[{"embeddable":true,"href":"https:\/\/elcronistadigital.com\/index.php?rest_route=\/wp\/v2\/media\/51438"}],"wp:attachment":[{"href":"https:\/\/elcronistadigital.com\/index.php?rest_route=%2Fwp%2Fv2%2Fmedia&parent=51437"}],"wp:term":[{"taxonomy":"category","embeddable":true,"href":"https:\/\/elcronistadigital.com\/index.php?rest_route=%2Fwp%2Fv2%2Fcategories&post=51437"},{"taxonomy":"post_tag","embeddable":true,"href":"https:\/\/elcronistadigital.com\/index.php?rest_route=%2Fwp%2Fv2%2Ftags&post=51437"}],"curies":[{"name":"wp","href":"https:\/\/api.w.org\/{rel}","templated":true}]}}