{"id":51650,"date":"2019-11-06T07:24:46","date_gmt":"2019-11-06T13:24:46","guid":{"rendered":"http:\/\/elcronistadigital.com\/?p=51650"},"modified":"2019-11-06T07:24:46","modified_gmt":"2019-11-06T13:24:46","slug":"empresas-nicas-a-feria-internacional-de-cafe-en-taiwan","status":"publish","type":"post","link":"https:\/\/elcronistadigital.com\/?p=51650","title":{"rendered":"Empresas nicas a Feria Internacional de Caf\u00e9 en Taiw\u00e1n"},"content":{"rendered":"<p><a href=\"https:\/\/elcronistadigital.com\/wp-content\/uploads\/2019\/11\/caf\u00e9-feria.jpg\"><img loading=\"lazy\" decoding=\"async\" class=\"alignleft size-full wp-image-51651\" alt=\"caf\u00e9 feria\" src=\"https:\/\/elcronistadigital.com\/wp-content\/uploads\/2019\/11\/caf\u00e9-feria.jpg\" width=\"400\" height=\"296\" srcset=\"https:\/\/elcronistadigital.com\/wp-content\/uploads\/2019\/11\/caf\u00e9-feria.jpg 400w, https:\/\/elcronistadigital.com\/wp-content\/uploads\/2019\/11\/caf\u00e9-feria-300x222.jpg 300w, https:\/\/elcronistadigital.com\/wp-content\/uploads\/2019\/11\/caf\u00e9-feria-342x253.jpg 342w, https:\/\/elcronistadigital.com\/wp-content\/uploads\/2019\/11\/caf\u00e9-feria-60x45.jpg 60w\" sizes=\"auto, (max-width: 400px) 100vw, 400px\" \/><\/a>Del 15 al 18 de noviembre del corriente, se llevar\u00e1 a cabo en Taipei la Feria Internacional de Caf\u00e9, la cual alojar\u00e1 dentro del pabell\u00f3n de Nicaragua a 12 empresas pinoleras y tres taiwanesas importadoras del caf\u00e9 nica.<\/p>\n<p>La delegaci\u00f3n es organizada por la Embajada de la Rep\u00fablica de China (Taiw\u00e1n), y cuenta con el apoyo de la Asociaci\u00f3n de Caf\u00e9s Especiales de Nicaragua (ACEN) y la Oficina Comercial para Centroam\u00e9rica de Taiw\u00e1n (CATO), con sede en Taipei.<\/p>\n<p>En la inauguraci\u00f3n de la feria estar\u00e1 presente como representante del gobierno de Nicaragua Jes\u00fas Berm\u00fadez, viceministro de Fomento, Industria y Comercio, cuya visita oficial coincide con las mismas fechas del evento internacional.<\/p>\n<p>Forman parte de la delegaci\u00f3n comercial exportadores y productores de caf\u00e9 de varias zonas del pa\u00eds tales como: Ramacafe, Ar\u00e1bigos Finos de Nicaragua, Rianza &amp; C\u00eda., Importaciones y Exportaciones Osorno, Finca Las Promesas de San Blas, Inversiones Mierisch, Mimc, Caf\u00e9 del Cielo, Sajonia Estate Coffee, Agropecuaria El Palacio, Caravela y Exportadora Atlantic.<\/p>\n<p>Durante una presentaci\u00f3n preparada por la Embajada al grupo de empresarios, el embajador Jaime Wu hizo \u00e9nfasis en la din\u00e1mica participaci\u00f3n de los nicarag\u00fcenses durante esta feria, destac\u00e1ndose por la realizaci\u00f3n de sesiones de cataci\u00f3n, seminarios, y degustaci\u00f3n de caf\u00e9 de alta calidad, capturando as\u00ed la atenci\u00f3n de numerosos compradores y cautivando a los consumidores taiwaneses visitantes.<\/p>\n<p>Seg\u00fan las estad\u00edsticas de la Aduana de Taiw\u00e1n, de enero a septiembre del corriente, Nicaragua ha exportado US$5.4 millones en granos de caf\u00e9 hacia Taiw\u00e1n, posicionando al pa\u00eds como el 6to proveedor mundial de la isla.<\/p>\n<p>Nicaragua participa anualmente en esta feria desde 2012. Para ese a\u00f1o exportaba US$605,994, seis a\u00f1os m\u00e1s tarde -en 2018- Nicaragua alcanz\u00f3 exportaciones por el orden de US$5,445,033, reflejando un crecimiento de aproximadamente 800%.<\/p>\n<p>El embajador Wu anim\u00f3 a los participantes para que aprovechen esta importante feria como plataforma para abrir mercados en Taiw\u00e1n y resto de Asia.<\/p>\n","protected":false},"excerpt":{"rendered":"<p>Del 15 al 18 de noviembre del corriente, se llevar\u00e1 a cabo en Taipei la Feria Internacional de Caf\u00e9, la cual alojar\u00e1 dentro del pabell\u00f3n de Nicaragua a 12 empresas pinoleras y tres taiwanesas importadoras del caf\u00e9 nica. La delegaci\u00f3n es organizada por la Embajada de la Rep\u00fablica de China (Taiw\u00e1n), y cuenta con el [&hellip;]<\/p>\n","protected":false},"author":1,"featured_media":51651,"comment_status":"open","ping_status":"open","sticky":false,"template":"","format":"standard","meta":{"om_disable_all_campaigns":false,"_monsterinsights_skip_tracking":false,"_monsterinsights_sitenote_active":false,"_monsterinsights_sitenote_note":"","_monsterinsights_sitenote_category":0,"footnotes":""},"categories":[3,4,3524],"tags":[],"class_list":["post-51650","post","type-post","status-publish","format-standard","has-post-thumbnail","hentry","category-nacionales","category-economia","category-noticas"],"aioseo_notices":[],"_links":{"self":[{"href":"https:\/\/elcronistadigital.com\/index.php?rest_route=\/wp\/v2\/posts\/51650","targetHints":{"allow":["GET"]}}],"collection":[{"href":"https:\/\/elcronistadigital.com\/index.php?rest_route=\/wp\/v2\/posts"}],"about":[{"href":"https:\/\/elcronistadigital.com\/index.php?rest_route=\/wp\/v2\/types\/post"}],"author":[{"embeddable":true,"href":"https:\/\/elcronistadigital.com\/index.php?rest_route=\/wp\/v2\/users\/1"}],"replies":[{"embeddable":true,"href":"https:\/\/elcronistadigital.com\/index.php?rest_route=%2Fwp%2Fv2%2Fcomments&post=51650"}],"version-history":[{"count":1,"href":"https:\/\/elcronistadigital.com\/index.php?rest_route=\/wp\/v2\/posts\/51650\/revisions"}],"predecessor-version":[{"id":51652,"href":"https:\/\/elcronistadigital.com\/index.php?rest_route=\/wp\/v2\/posts\/51650\/revisions\/51652"}],"wp:featuredmedia":[{"embeddable":true,"href":"https:\/\/elcronistadigital.com\/index.php?rest_route=\/wp\/v2\/media\/51651"}],"wp:attachment":[{"href":"https:\/\/elcronistadigital.com\/index.php?rest_route=%2Fwp%2Fv2%2Fmedia&parent=51650"}],"wp:term":[{"taxonomy":"category","embeddable":true,"href":"https:\/\/elcronistadigital.com\/index.php?rest_route=%2Fwp%2Fv2%2Fcategories&post=51650"},{"taxonomy":"post_tag","embeddable":true,"href":"https:\/\/elcronistadigital.com\/index.php?rest_route=%2Fwp%2Fv2%2Ftags&post=51650"}],"curies":[{"name":"wp","href":"https:\/\/api.w.org\/{rel}","templated":true}]}}