{"id":51719,"date":"2019-11-18T06:17:46","date_gmt":"2019-11-18T12:17:46","guid":{"rendered":"http:\/\/elcronistadigital.com\/?p=51719"},"modified":"2019-11-18T06:17:46","modified_gmt":"2019-11-18T12:17:46","slug":"nicaragua-en-la-feria-internacional-de-cafe-en-taiwan","status":"publish","type":"post","link":"https:\/\/elcronistadigital.com\/?p=51719","title":{"rendered":"Nicaragua en la feria internacional de caf\u00e9 en Taiw\u00e1n"},"content":{"rendered":"<p><a href=\"https:\/\/elcronistadigital.com\/wp-content\/uploads\/2019\/11\/caf\u00e9.jpg\"><img loading=\"lazy\" decoding=\"async\" class=\"alignleft size-full wp-image-51720\" alt=\"caf\u00e9\" src=\"https:\/\/elcronistadigital.com\/wp-content\/uploads\/2019\/11\/caf\u00e9.jpg\" width=\"400\" height=\"299\" srcset=\"https:\/\/elcronistadigital.com\/wp-content\/uploads\/2019\/11\/caf\u00e9.jpg 400w, https:\/\/elcronistadigital.com\/wp-content\/uploads\/2019\/11\/caf\u00e9-300x224.jpg 300w, https:\/\/elcronistadigital.com\/wp-content\/uploads\/2019\/11\/caf\u00e9-342x255.jpg 342w, https:\/\/elcronistadigital.com\/wp-content\/uploads\/2019\/11\/caf\u00e9-60x45.jpg 60w, https:\/\/elcronistadigital.com\/wp-content\/uploads\/2019\/11\/caf\u00e9-150x113.jpg 150w, https:\/\/elcronistadigital.com\/wp-content\/uploads\/2019\/11\/caf\u00e9-269x201.jpg 269w\" sizes=\"auto, (max-width: 400px) 100vw, 400px\" \/><\/a>El 15 de noviembre abri\u00f3 sus puertas la Feria Internacional de Caf\u00e9 de Taiwan, en el Centro de Exhibiciones de Nangang ubicado en Taipei, Taiw\u00e1n, con 770 expositores de 25 pa\u00edses, que ocupan 2,000 stands.<\/p>\n<p>La ceremonia de inauguraci\u00f3n estuvo presidida por Jos\u00e9 de Jes\u00fas Berm\u00fadez, viceministro de Fomento, Industria y Comercio, junto con el Embajador de Nicaragua en Taiw\u00e1n, William Tapia, y otros representantes de sector p\u00fablico y privado de Taiw\u00e1n.<\/p>\n<p>La feria culmina hoy 18 de noviembre y participan 33 exportadores de caf\u00e9 de Centroam\u00e9rica, entre los cuales se encuentran 12 expositores nicarag\u00fcenses -cantidad m\u00e1s grande durante los \u00faltimos a\u00f1os- junto con 3 empresas taiwanesas importadoras del caf\u00e9 nica.<\/p>\n<p>En el pabell\u00f3n de Nicaragua se estar\u00e1n realizando sesiones de cataci\u00f3n y seminarios durante los cuatro d\u00edas de la feria, para promover el aroma de caf\u00e9 nicarag\u00fcense en el mercado de Taiw\u00e1n y otros pa\u00edses asi\u00e1ticos.<\/p>\n<p>Nicaragua tiene gran potencial de exportaci\u00f3n de caf\u00e9 hacia Taiw\u00e1n, gracias a la calidad de su producto y sabor \u00fanico que ha cautivado a los consumidores taiwaneses. La participaci\u00f3n de la delegaci\u00f3n nica en los a\u00f1os anteriores ha dejado una marca indeleble sobre el caf\u00e9 de Nicaragua.<\/p>\n<p>Seg\u00fan las estad\u00edsticas de la Aduana de Taiw\u00e1n, en 2012 Nicaragua exportaba s\u00f3lo US$605,994, pero ya en 2018 alcanz\u00f3 exportaciones por el orden de US$5,445,033, reflejando un crecimiento de aproximadamente 800%.<a href=\"https:\/\/elcronistadigital.com\/wp-content\/uploads\/2019\/11\/caf\u00e91.jpg\"><img loading=\"lazy\" decoding=\"async\" class=\"alignright size-full wp-image-51721\" alt=\"caf\u00e91\" src=\"https:\/\/elcronistadigital.com\/wp-content\/uploads\/2019\/11\/caf\u00e91.jpg\" width=\"400\" height=\"279\" srcset=\"https:\/\/elcronistadigital.com\/wp-content\/uploads\/2019\/11\/caf\u00e91.jpg 400w, https:\/\/elcronistadigital.com\/wp-content\/uploads\/2019\/11\/caf\u00e91-300x209.jpg 300w, https:\/\/elcronistadigital.com\/wp-content\/uploads\/2019\/11\/caf\u00e91-342x238.jpg 342w\" sizes=\"auto, (max-width: 400px) 100vw, 400px\" \/><\/a><\/p>\n<p>Desde enero a octubre de 2019, Nicaragua ha logrado exportar a Taiw\u00e1n US$6,022,550, reportando un crecimiento de 11% en comparaci\u00f3n al mismo per\u00edodo de a\u00f1o pasado. Las cooperaciones entre ambos pa\u00edses han sido la clave para posicionar a Nicaragua en el sexto lugar como proveedor de caf\u00e9 oro en Taiw\u00e1n.<\/p>\n","protected":false},"excerpt":{"rendered":"<p>El 15 de noviembre abri\u00f3 sus puertas la Feria Internacional de Caf\u00e9 de Taiwan, en el Centro de Exhibiciones de Nangang ubicado en Taipei, Taiw\u00e1n, con 770 expositores de 25 pa\u00edses, que ocupan 2,000 stands. La ceremonia de inauguraci\u00f3n estuvo presidida por Jos\u00e9 de Jes\u00fas Berm\u00fadez, viceministro de Fomento, Industria y Comercio, junto con el [&hellip;]<\/p>\n","protected":false},"author":1,"featured_media":51720,"comment_status":"open","ping_status":"open","sticky":false,"template":"","format":"standard","meta":{"om_disable_all_campaigns":false,"_monsterinsights_skip_tracking":false,"_monsterinsights_sitenote_active":false,"_monsterinsights_sitenote_note":"","_monsterinsights_sitenote_category":0,"footnotes":""},"categories":[3,4,3524],"tags":[],"class_list":["post-51719","post","type-post","status-publish","format-standard","has-post-thumbnail","hentry","category-nacionales","category-economia","category-noticas"],"aioseo_notices":[],"_links":{"self":[{"href":"https:\/\/elcronistadigital.com\/index.php?rest_route=\/wp\/v2\/posts\/51719","targetHints":{"allow":["GET"]}}],"collection":[{"href":"https:\/\/elcronistadigital.com\/index.php?rest_route=\/wp\/v2\/posts"}],"about":[{"href":"https:\/\/elcronistadigital.com\/index.php?rest_route=\/wp\/v2\/types\/post"}],"author":[{"embeddable":true,"href":"https:\/\/elcronistadigital.com\/index.php?rest_route=\/wp\/v2\/users\/1"}],"replies":[{"embeddable":true,"href":"https:\/\/elcronistadigital.com\/index.php?rest_route=%2Fwp%2Fv2%2Fcomments&post=51719"}],"version-history":[{"count":1,"href":"https:\/\/elcronistadigital.com\/index.php?rest_route=\/wp\/v2\/posts\/51719\/revisions"}],"predecessor-version":[{"id":51722,"href":"https:\/\/elcronistadigital.com\/index.php?rest_route=\/wp\/v2\/posts\/51719\/revisions\/51722"}],"wp:featuredmedia":[{"embeddable":true,"href":"https:\/\/elcronistadigital.com\/index.php?rest_route=\/wp\/v2\/media\/51720"}],"wp:attachment":[{"href":"https:\/\/elcronistadigital.com\/index.php?rest_route=%2Fwp%2Fv2%2Fmedia&parent=51719"}],"wp:term":[{"taxonomy":"category","embeddable":true,"href":"https:\/\/elcronistadigital.com\/index.php?rest_route=%2Fwp%2Fv2%2Fcategories&post=51719"},{"taxonomy":"post_tag","embeddable":true,"href":"https:\/\/elcronistadigital.com\/index.php?rest_route=%2Fwp%2Fv2%2Ftags&post=51719"}],"curies":[{"name":"wp","href":"https:\/\/api.w.org\/{rel}","templated":true}]}}