{"id":51737,"date":"2019-11-19T06:50:44","date_gmt":"2019-11-19T12:50:44","guid":{"rendered":"http:\/\/elcronistadigital.com\/?p=51737"},"modified":"2019-11-19T06:50:44","modified_gmt":"2019-11-19T12:50:44","slug":"polemica-por-una-nueva-ciudad-descubierta-en-machu-picchu","status":"publish","type":"post","link":"https:\/\/elcronistadigital.com\/?p=51737","title":{"rendered":"Pol\u00e9mica por una \u00abnueva\u00bb ciudad descubierta en Machu Picchu"},"content":{"rendered":"<p><span style=\"color: #003366;\"><strong><a href=\"https:\/\/elcronistadigital.com\/wp-content\/uploads\/2019\/11\/machu.jpg\"><img loading=\"lazy\" decoding=\"async\" class=\"alignleft size-full wp-image-51738\" alt=\"machu\" src=\"https:\/\/elcronistadigital.com\/wp-content\/uploads\/2019\/11\/machu.jpg\" width=\"400\" height=\"248\" srcset=\"https:\/\/elcronistadigital.com\/wp-content\/uploads\/2019\/11\/machu.jpg 400w, https:\/\/elcronistadigital.com\/wp-content\/uploads\/2019\/11\/machu-300x186.jpg 300w, https:\/\/elcronistadigital.com\/wp-content\/uploads\/2019\/11\/machu-342x212.jpg 342w\" sizes=\"auto, (max-width: 400px) 100vw, 400px\" \/><\/a>Josep Guijarro*<\/strong><\/span><\/p>\n<p><span style=\"color: #993300;\"><em><strong>* El hallazgo de una ciudad en los Andes es cuestionada por el gobierno de Per\u00fa, que declar\u00f3 en 2010 la zona, \u00abahora descubierta\u00bb, bien de inter\u00e9s cultural.<\/strong><\/em><\/span><\/p>\n<p>Empleando la tecnolog\u00eda LIDAR, Albert Lin, un explorador de National Geographic, y los arque\u00f3logos Adan Check Arce y Thomas Hardy, han descubierto un asentamiento en los Andes peruanos que consideran anterior a la famosa ciudadela de Machu Picchu.<\/p>\n<p>El LIDAR (acr\u00f3nimo de Laser Imaging Detection and Ranging) es una t\u00e9cnica de teledetecci\u00f3n \u00f3ptica que permite determinar la distancia desde un emisor l\u00e1ser a un objeto o superficie utilizando un haz de luz l\u00e1ser pulsante. De este modo, los cient\u00edficos pueden conseguir una muestra de la superficie de la Tierra con mediciones exactas del terreno.<\/p>\n<p>Cuando el rayo l\u00e1ser encuentra una superficie s\u00f3lida, como una construcci\u00f3n, se comporta de manera diferente a cuando rebota en el agua (donde es absorbido y no regresa) o la vegetaci\u00f3n donde una parte es reflejada mientras la otra atraviesa. De este modo los arque\u00f3logos obtienen una nube de puntos que se almacena en un fichero digital y, con el software adecuado, permiten interpretar d\u00f3nde se encuentran construcciones ocultas o enterradas.<\/p>\n<p>De este modo han encontrado en la zona de Wat&#8217;a, traducida de la lengua ind\u00edgena como \u00abisla\u00bb un nuevo asentamiento situado a casi 4.000 metros de altura, es decir, quil\u00f3metro y medio m\u00e1s alto que el famoso Machu Picchu y que los arque\u00f3logos creen pudo ser habitado por los incas antes de que construyeran su ciudad.<\/p>\n<p>La nueva zona arqueol\u00f3gica, de muy dif\u00edcil acceso, ya hab\u00eda sido investigada a trav\u00e9s de m\u00e9todos arqueol\u00f3gicos tradicionales, es decir, cient\u00edficos sobre el terreno que pusieron al descubierto tumbas, plazas ceremoniales, \u00e1reas residenciales y un gran muro circundante, pero esta es la primera vez que, gracias a la tecnolog\u00eda, tienen un mapa del terreno que permite descubrir caracter\u00edsticas nunca vistas porque el LIDAR es capaz de atravesar la vegetaci\u00f3n.<\/p>\n<p>Albert Lin y su equipo han realizado un documental para NatGeo dentro de la serie \u201cCiudades Perdidas\u201d como un descubrimiento sin precedentes de la antigua civilizaci\u00f3n sudamericana.<\/p>\n<p>La Direcci\u00f3n Desconcertada de Cultura de Cusco, sin embargo, hizo p\u00fablico un comunicado el 14 de noviembre, desmintiendo \u201cel supuesto hallazgo arqueol\u00f3gico que habr\u00edan realizado algunos investigadores\u201d y aclaran que el sitio arqueol\u00f3gico de Wat\u2019a, ubicado en el distrito Huarocondo (Anta, Cusco), est\u00e1 registrado y declarado por el Ministerio de Cultura como Patrimonio Cultural de la Naci\u00f3n mediante Resoluci\u00f3n Viceministerial N\u00b0 0102-2010 del 15 de noviembre del 2010.<\/p>\n<p>\u201cLas investigaciones en esta zona \u2013precisa el comunicado- consideran que este sitio arqueol\u00f3gico fue construido por culturas preincas, posteriormente fue ocupado por los incas y, tambi\u00e9n, durante la colonia. Se considera que fue un centro de control administrativo, pues es un punto de paso obligado de la red de caminos incas que articulaban diversos poblados ubicados en la zona, cuyo centro principal era Ollantaytambo\u201d.<\/p>\n<p><span style=\"color: #003366;\"><strong>* Periodista y escritor<\/strong><\/span><br \/>\n<span style=\"color: #003366;\"><strong> espaciomisterio.com<\/strong><\/span><\/p>\n","protected":false},"excerpt":{"rendered":"<p>Josep Guijarro* * El hallazgo de una ciudad en los Andes es cuestionada por el gobierno de Per\u00fa, que declar\u00f3 en 2010 la zona, \u00abahora descubierta\u00bb, bien de inter\u00e9s cultural. Empleando la tecnolog\u00eda LIDAR, Albert Lin, un explorador de National Geographic, y los arque\u00f3logos Adan Check Arce y Thomas Hardy, han descubierto un asentamiento en [&hellip;]<\/p>\n","protected":false},"author":1,"featured_media":51738,"comment_status":"open","ping_status":"open","sticky":false,"template":"","format":"standard","meta":{"om_disable_all_campaigns":false,"_monsterinsights_skip_tracking":false,"_monsterinsights_sitenote_active":false,"_monsterinsights_sitenote_note":"","_monsterinsights_sitenote_category":0,"footnotes":""},"categories":[10,13],"tags":[],"class_list":["post-51737","post","type-post","status-publish","format-standard","has-post-thumbnail","hentry","category-cultura","category-portada"],"aioseo_notices":[],"_links":{"self":[{"href":"https:\/\/elcronistadigital.com\/index.php?rest_route=\/wp\/v2\/posts\/51737","targetHints":{"allow":["GET"]}}],"collection":[{"href":"https:\/\/elcronistadigital.com\/index.php?rest_route=\/wp\/v2\/posts"}],"about":[{"href":"https:\/\/elcronistadigital.com\/index.php?rest_route=\/wp\/v2\/types\/post"}],"author":[{"embeddable":true,"href":"https:\/\/elcronistadigital.com\/index.php?rest_route=\/wp\/v2\/users\/1"}],"replies":[{"embeddable":true,"href":"https:\/\/elcronistadigital.com\/index.php?rest_route=%2Fwp%2Fv2%2Fcomments&post=51737"}],"version-history":[{"count":1,"href":"https:\/\/elcronistadigital.com\/index.php?rest_route=\/wp\/v2\/posts\/51737\/revisions"}],"predecessor-version":[{"id":51739,"href":"https:\/\/elcronistadigital.com\/index.php?rest_route=\/wp\/v2\/posts\/51737\/revisions\/51739"}],"wp:featuredmedia":[{"embeddable":true,"href":"https:\/\/elcronistadigital.com\/index.php?rest_route=\/wp\/v2\/media\/51738"}],"wp:attachment":[{"href":"https:\/\/elcronistadigital.com\/index.php?rest_route=%2Fwp%2Fv2%2Fmedia&parent=51737"}],"wp:term":[{"taxonomy":"category","embeddable":true,"href":"https:\/\/elcronistadigital.com\/index.php?rest_route=%2Fwp%2Fv2%2Fcategories&post=51737"},{"taxonomy":"post_tag","embeddable":true,"href":"https:\/\/elcronistadigital.com\/index.php?rest_route=%2Fwp%2Fv2%2Ftags&post=51737"}],"curies":[{"name":"wp","href":"https:\/\/api.w.org\/{rel}","templated":true}]}}