{"id":51765,"date":"2019-11-25T07:38:49","date_gmt":"2019-11-25T13:38:49","guid":{"rendered":"http:\/\/elcronistadigital.com\/?p=51765"},"modified":"2019-11-25T07:44:21","modified_gmt":"2019-11-25T13:44:21","slug":"helhond-el-cadejo-europeo","status":"publish","type":"post","link":"https:\/\/elcronistadigital.com\/?p=51765","title":{"rendered":"Helhond, el cadejo europeo"},"content":{"rendered":"<p><span style=\"color: #993300;\"><em><strong><a href=\"https:\/\/elcronistadigital.com\/wp-content\/uploads\/2019\/11\/perro.jpg\"><img loading=\"lazy\" decoding=\"async\" class=\"alignleft size-full wp-image-51766\" alt=\"perro\" src=\"https:\/\/elcronistadigital.com\/wp-content\/uploads\/2019\/11\/perro.jpg\" width=\"400\" height=\"238\" srcset=\"https:\/\/elcronistadigital.com\/wp-content\/uploads\/2019\/11\/perro.jpg 400w, https:\/\/elcronistadigital.com\/wp-content\/uploads\/2019\/11\/perro-300x178.jpg 300w, https:\/\/elcronistadigital.com\/wp-content\/uploads\/2019\/11\/perro-342x203.jpg 342w\" sizes=\"auto, (max-width: 400px) 100vw, 400px\" \/><\/a>* El perro de la muerte\u2026 el perro del infierno\u2026 En Holanda se han visto a estos animales como aviso de que alguien va a morir.<\/strong><\/em><\/span><\/p>\n<p>Lorenzo F. Bueno<\/p>\n<p>El perro, especialmente si es negro, se ha asociado siempre a la oscuridad. Baste echar un vistazo al antiguo Egipto para comprobar que tras la apariencia de un chacal de este mismo color, con las orejas muy puntiagudas, se encuentra el dios Anubis, se\u00f1or de los mundos inferiores, gobernante de aquello que hay m\u00e1s all\u00e1 de esta vida.<\/p>\n<p>Pero hay m\u00e1s. Asegura el historiador Mariano F. Urresti que \u00abdurante la construcci\u00f3n del monasterio del Escorial, la obra culmen del rey Felipe II, los obreros aseguraron que entre los andamios se paseaba, especialmente ca\u00edda la noche, un perro negro de gran tama\u00f1o al que muchos vinculaban con el mism\u00edsimo demonio. Y no es extra\u00f1o, porque al parecer el monarca levant\u00f3 el citado monasterio en este mismo lugar para tapar una de las entradas al infierno\u00bb.<\/p>\n<p>Por tanto, cuando se repite en diferentes tradiciones y en \u00e9pocas igualmente distintas, es que algo hay. Algo que desde hace siglos forma parte de las regiones del este y del sur de Holanda, y que cada cierto tiempo se manifiesta, siempre a decir de los testigos. Lo llaman helhond \u2013o \u00abperro infernal\u00bb\u2013 y su aparici\u00f3n siempre viene acompa\u00f1ada de malos augurios para quienes lo ven.<\/p>\n<p>Asegura el divulgador Jorge Gallego, que \u00absu impacto en la sociedad es tal que por ejemplo poblaciones como De Lutte, en la Baja Sajonia, donde ha sido visto en los alrededores del cementerio y donde ha causado alguna muerte, su imagen ha sido colocada en la bandera de la localidad y se ha hecho una estatua en recuerdo a este ser demoniaco\u00bb. Y es curioso porque sabido es que no es un animal para homenajear. Para los habitantes de estas regiones es m\u00e1s bien un ser al que olvidar, ya que se asegura que con s\u00f3lo o\u00edr su ladrido es motivo m\u00e1s que suficiente para que al poco alguien cercano fallezca.<\/p>\n<p>Algo que matem\u00e1ticamente ocurre si nos lo encontramos frente a frente. Testigos como Stefan Veerle, vecino de Groningen, afirma que \u00abaquel perro ten\u00eda los ojos iluminados, como si tuviera llamas dentro. Poco despu\u00e9s un primo muy querido muri\u00f3, de repente. Pero no s\u00f3lo lo hemos visto. A veces lo hemos o\u00eddo\u00bb. Es el sonido de la cadena que parece llevar amarrada al cuello, y que act\u00faa igualmente como precursor de la muerte cuando alguien la escucha.<\/p>\n<p>Los vecinos de esta poblaciones, especialmente con la llegada de los fr\u00edos del invierno, prefieren no merodear por las calles ya que en ese tiempo es cuando m\u00e1s apariciones del helhond, el perro de la muerte, se producen. Porque para estas gentes, lejos de ser una superstici\u00f3n se trata de una criatura real; una criatura que al parecer ya se ha cobrado muchas vidas\u2026<\/p>\n<p>Fuente: espaciomisterio.com<\/p>\n","protected":false},"excerpt":{"rendered":"<p>* El perro de la muerte\u2026 el perro del infierno\u2026 En Holanda se han visto a estos animales como aviso de que alguien va a morir. Lorenzo F. Bueno El perro, especialmente si es negro, se ha asociado siempre a la oscuridad. Baste echar un vistazo al antiguo Egipto para comprobar que tras la apariencia [&hellip;]<\/p>\n","protected":false},"author":1,"featured_media":51766,"comment_status":"open","ping_status":"open","sticky":false,"template":"","format":"standard","meta":{"om_disable_all_campaigns":false,"_monsterinsights_skip_tracking":false,"_monsterinsights_sitenote_active":false,"_monsterinsights_sitenote_note":"","_monsterinsights_sitenote_category":0,"footnotes":""},"categories":[10,13],"tags":[],"class_list":["post-51765","post","type-post","status-publish","format-standard","has-post-thumbnail","hentry","category-cultura","category-portada"],"aioseo_notices":[],"_links":{"self":[{"href":"https:\/\/elcronistadigital.com\/index.php?rest_route=\/wp\/v2\/posts\/51765","targetHints":{"allow":["GET"]}}],"collection":[{"href":"https:\/\/elcronistadigital.com\/index.php?rest_route=\/wp\/v2\/posts"}],"about":[{"href":"https:\/\/elcronistadigital.com\/index.php?rest_route=\/wp\/v2\/types\/post"}],"author":[{"embeddable":true,"href":"https:\/\/elcronistadigital.com\/index.php?rest_route=\/wp\/v2\/users\/1"}],"replies":[{"embeddable":true,"href":"https:\/\/elcronistadigital.com\/index.php?rest_route=%2Fwp%2Fv2%2Fcomments&post=51765"}],"version-history":[{"count":2,"href":"https:\/\/elcronistadigital.com\/index.php?rest_route=\/wp\/v2\/posts\/51765\/revisions"}],"predecessor-version":[{"id":51768,"href":"https:\/\/elcronistadigital.com\/index.php?rest_route=\/wp\/v2\/posts\/51765\/revisions\/51768"}],"wp:featuredmedia":[{"embeddable":true,"href":"https:\/\/elcronistadigital.com\/index.php?rest_route=\/wp\/v2\/media\/51766"}],"wp:attachment":[{"href":"https:\/\/elcronistadigital.com\/index.php?rest_route=%2Fwp%2Fv2%2Fmedia&parent=51765"}],"wp:term":[{"taxonomy":"category","embeddable":true,"href":"https:\/\/elcronistadigital.com\/index.php?rest_route=%2Fwp%2Fv2%2Fcategories&post=51765"},{"taxonomy":"post_tag","embeddable":true,"href":"https:\/\/elcronistadigital.com\/index.php?rest_route=%2Fwp%2Fv2%2Ftags&post=51765"}],"curies":[{"name":"wp","href":"https:\/\/api.w.org\/{rel}","templated":true}]}}