{"id":51807,"date":"2019-11-29T06:51:09","date_gmt":"2019-11-29T12:51:09","guid":{"rendered":"http:\/\/elcronistadigital.com\/?p=51807"},"modified":"2019-11-29T06:51:09","modified_gmt":"2019-11-29T12:51:09","slug":"ensenan-nuevas-tecnicas-de-cultivos-a-productores-de-frijol","status":"publish","type":"post","link":"https:\/\/elcronistadigital.com\/?p=51807","title":{"rendered":"Ense\u00f1an nuevas t\u00e9cnicas de cultivos a productores de frijol"},"content":{"rendered":"<p><a href=\"https:\/\/elcronistadigital.com\/wp-content\/uploads\/2019\/11\/frijol.jpg\"><img loading=\"lazy\" decoding=\"async\" class=\"alignleft size-full wp-image-51808\" alt=\"frijol\" src=\"https:\/\/elcronistadigital.com\/wp-content\/uploads\/2019\/11\/frijol.jpg\" width=\"400\" height=\"298\" srcset=\"https:\/\/elcronistadigital.com\/wp-content\/uploads\/2019\/11\/frijol.jpg 400w, https:\/\/elcronistadigital.com\/wp-content\/uploads\/2019\/11\/frijol-300x223.jpg 300w, https:\/\/elcronistadigital.com\/wp-content\/uploads\/2019\/11\/frijol-342x254.jpg 342w, https:\/\/elcronistadigital.com\/wp-content\/uploads\/2019\/11\/frijol-60x45.jpg 60w, https:\/\/elcronistadigital.com\/wp-content\/uploads\/2019\/11\/frijol-150x113.jpg 150w, https:\/\/elcronistadigital.com\/wp-content\/uploads\/2019\/11\/frijol-269x201.jpg 269w\" sizes=\"auto, (max-width: 400px) 100vw, 400px\" \/><\/a>En la Estaci\u00f3n Experimental \u201cLa Compa\u00f1\u00eda\u201d, del Inta, la Misi\u00f3n T\u00e9cnica de Taiw\u00e1n en coordinaci\u00f3n con el Inta, realiz\u00f3 el pasado 26 de noviembre un d\u00eda de campo con los protagonistas del Proyecto de Frijol, donde participaron representantes de los Bancos Comunitarios de Semilla (BCS) de la zona, t\u00e9cnicos e investigadores del INTA y los especialistas del Proyecto de Misi\u00f3n T\u00e9cnica de Taiw\u00e1n.<\/p>\n<p>Durante la actividad, el Jefe de Investigaci\u00f3n del INTA, Ing. Rolando Calder\u00f3n, expres\u00f3 el agradecimiento a la Misi\u00f3n T\u00e9cnica de Taiw\u00e1n por el apoyo que sigue proveyendo para alcanzar al progreso de la agricultura nicarag\u00fcense.<\/p>\n<p>Declar\u00f3 que gracias a la utilizaci\u00f3n de estas nuevas herramientas tecnol\u00f3gicas, Nicaragua est\u00e1 produciendo semillas de frijol de alta calidad, notable rendimiento y con gran valor nutricional, garantizando la seguridad alimentaria del pueblo.<\/p>\n<p>En tanto, el gerente del Proyecto de la Misi\u00f3n T\u00e9cnica de Taiw\u00e1n, Ing. Hugo Lo, expres\u00f3 que a trav\u00e9s de los BCS los agricultores ahora tienen acceso a semillas mejoradas, de alta calidad y gran productividad.<a href=\"https:\/\/elcronistadigital.com\/wp-content\/uploads\/2019\/11\/frijol1.jpg\"><img loading=\"lazy\" decoding=\"async\" class=\"alignright size-full wp-image-51809\" alt=\"frijol1\" src=\"https:\/\/elcronistadigital.com\/wp-content\/uploads\/2019\/11\/frijol1.jpg\" width=\"400\" height=\"299\" srcset=\"https:\/\/elcronistadigital.com\/wp-content\/uploads\/2019\/11\/frijol1.jpg 400w, https:\/\/elcronistadigital.com\/wp-content\/uploads\/2019\/11\/frijol1-300x224.jpg 300w, https:\/\/elcronistadigital.com\/wp-content\/uploads\/2019\/11\/frijol1-342x255.jpg 342w, https:\/\/elcronistadigital.com\/wp-content\/uploads\/2019\/11\/frijol1-60x45.jpg 60w, https:\/\/elcronistadigital.com\/wp-content\/uploads\/2019\/11\/frijol1-150x113.jpg 150w, https:\/\/elcronistadigital.com\/wp-content\/uploads\/2019\/11\/frijol1-269x201.jpg 269w\" sizes=\"auto, (max-width: 400px) 100vw, 400px\" \/><\/a><\/p>\n<p>Tambi\u00e9n explic\u00f3 que a trav\u00e9s del uso del sistema de cultivo de doble surco, los productores podr\u00e1n optimizar e incrementar sus cosechas para beneficio de sus familias y del pa\u00eds, asimismo ratific\u00f3 que Taiw\u00e1n seguir\u00e1 apoyando a Nicaragua para que alcance un mayor desarrollo agrario.<\/p>\n","protected":false},"excerpt":{"rendered":"<p>En la Estaci\u00f3n Experimental \u201cLa Compa\u00f1\u00eda\u201d, del Inta, la Misi\u00f3n T\u00e9cnica de Taiw\u00e1n en coordinaci\u00f3n con el Inta, realiz\u00f3 el pasado 26 de noviembre un d\u00eda de campo con los protagonistas del Proyecto de Frijol, donde participaron representantes de los Bancos Comunitarios de Semilla (BCS) de la zona, t\u00e9cnicos e investigadores del INTA y los [&hellip;]<\/p>\n","protected":false},"author":1,"featured_media":51809,"comment_status":"open","ping_status":"open","sticky":false,"template":"","format":"standard","meta":{"om_disable_all_campaigns":false,"_monsterinsights_skip_tracking":false,"_monsterinsights_sitenote_active":false,"_monsterinsights_sitenote_note":"","_monsterinsights_sitenote_category":0,"footnotes":""},"categories":[3,4,3524],"tags":[],"class_list":["post-51807","post","type-post","status-publish","format-standard","has-post-thumbnail","hentry","category-nacionales","category-economia","category-noticas"],"aioseo_notices":[],"_links":{"self":[{"href":"https:\/\/elcronistadigital.com\/index.php?rest_route=\/wp\/v2\/posts\/51807","targetHints":{"allow":["GET"]}}],"collection":[{"href":"https:\/\/elcronistadigital.com\/index.php?rest_route=\/wp\/v2\/posts"}],"about":[{"href":"https:\/\/elcronistadigital.com\/index.php?rest_route=\/wp\/v2\/types\/post"}],"author":[{"embeddable":true,"href":"https:\/\/elcronistadigital.com\/index.php?rest_route=\/wp\/v2\/users\/1"}],"replies":[{"embeddable":true,"href":"https:\/\/elcronistadigital.com\/index.php?rest_route=%2Fwp%2Fv2%2Fcomments&post=51807"}],"version-history":[{"count":1,"href":"https:\/\/elcronistadigital.com\/index.php?rest_route=\/wp\/v2\/posts\/51807\/revisions"}],"predecessor-version":[{"id":51810,"href":"https:\/\/elcronistadigital.com\/index.php?rest_route=\/wp\/v2\/posts\/51807\/revisions\/51810"}],"wp:featuredmedia":[{"embeddable":true,"href":"https:\/\/elcronistadigital.com\/index.php?rest_route=\/wp\/v2\/media\/51809"}],"wp:attachment":[{"href":"https:\/\/elcronistadigital.com\/index.php?rest_route=%2Fwp%2Fv2%2Fmedia&parent=51807"}],"wp:term":[{"taxonomy":"category","embeddable":true,"href":"https:\/\/elcronistadigital.com\/index.php?rest_route=%2Fwp%2Fv2%2Fcategories&post=51807"},{"taxonomy":"post_tag","embeddable":true,"href":"https:\/\/elcronistadigital.com\/index.php?rest_route=%2Fwp%2Fv2%2Ftags&post=51807"}],"curies":[{"name":"wp","href":"https:\/\/api.w.org\/{rel}","templated":true}]}}