{"id":51910,"date":"2019-12-17T10:45:27","date_gmt":"2019-12-17T16:45:27","guid":{"rendered":"http:\/\/elcronistadigital.com\/?p=51910"},"modified":"2019-12-17T10:45:27","modified_gmt":"2019-12-17T16:45:27","slug":"espiritus-pintores-en-cuerpo-de-brasileno","status":"publish","type":"post","link":"https:\/\/elcronistadigital.com\/?p=51910","title":{"rendered":"Esp\u00edritus pintores en cuerpo de brasile\u00f1o"},"content":{"rendered":"<p><strong><span style=\"color: #993300;\"><em><a href=\"https:\/\/elcronistadigital.com\/wp-content\/uploads\/2019\/12\/pintor.jpg\"><img loading=\"lazy\" decoding=\"async\" class=\"alignleft size-full wp-image-51911\" alt=\"pintor\" src=\"https:\/\/elcronistadigital.com\/wp-content\/uploads\/2019\/12\/pintor.jpg\" width=\"400\" height=\"248\" srcset=\"https:\/\/elcronistadigital.com\/wp-content\/uploads\/2019\/12\/pintor.jpg 400w, https:\/\/elcronistadigital.com\/wp-content\/uploads\/2019\/12\/pintor-300x186.jpg 300w, https:\/\/elcronistadigital.com\/wp-content\/uploads\/2019\/12\/pintor-342x212.jpg 342w\" sizes=\"auto, (max-width: 400px) 100vw, 400px\" \/><\/a>* Jos\u00e9 Medrado es el m\u00e9dium pict\u00f3rico m\u00e1s conocido de la actualidad. Sus sesiones de pintura medi\u00famnica son absolutamente espectaculares, y tuvimos la oportunidad de contemplar una de sus demostraciones en vivo y en directo, en la que el esp\u00edritu de un pintor fallecido se apoder\u00f3 de su cuerpo y realiz\u00f3 una aut\u00e9ntica maravilla.<\/em><\/span><\/strong><\/p>\n<p>Miguel Pedrero<\/p>\n<p>En su momento tuve la oportunidad de entrevistar a Jos\u00e9 Medrado, a quien luego pude contemplar en vivo y en directo en plena sesi\u00f3n de pintura medi\u00famnica. Emplea m\u00fasica de fondo y sus ademanes y movimientos se tornan r\u00e1pidos y espasm\u00f3dicos en cuanto los esp\u00edritus de grandes maestros de la pintura se hacen con el control de su cuerpo. Sus manos se desplazan a un ritmo vertiginoso sobre el lienzo, y los casi veinte cuadros que termin\u00f3 en menos de dos horas acabaron subast\u00e1ndose.<\/p>\n<p>Medrado tampoco se lucra de su don. Lo recaudado sirve para mantener la Ciudad de la Luz, centro social que fund\u00f3 en Salvador de Bah\u00eda, su ciudad natal. Como la mayor\u00eda de los artistas medi\u00famnicos vive de su profesi\u00f3n, que nada tiene que ver con el espiritismo. Funcionario de carrera tras aprobar una oposici\u00f3n a los veinte a\u00f1os de edad \u2013ahora cuenta con 53\u2013, en la actualidad ocupa el cargo de director del Departamento de Proyectos Especiales en el Ministerio de Justicia brasile\u00f1o.<\/p>\n<p>Cuando termin\u00f3 su sesi\u00f3n, y tras reponerse del esfuerzo, mantuve una larga conversaci\u00f3n con Jos\u00e9 Medrado, durante la cual no dej\u00f3 de hacer hincapi\u00e9 en la importancia que el trabajo social tiene para el movimiento esp\u00edrita. \u00abEl a\u00f1o pasado, en la Ciudad de la Luz realizamos m\u00e1s de 240.000 acciones de atenci\u00f3n a los m\u00e1s pobres \u2013me dijo satisfecho\u2013. All\u00ed trabajan m\u00e1s de 1.000 voluntarios y 600 m\u00e9dicos. Todos los d\u00edas servimos entre 300 y 400 platos de comida a cualquier persona que llama a nuestra puerta. La Ciudad de la Luz ocupa una extensi\u00f3n de 4.000 metros cuadrados, donde se erigen cuatro centros: el orfanato en el que mantenemos, educamos y cuidamos a muchos ni\u00f1os de la calle; una escuela para que puedan estudiar los m\u00e1s necesitados; el pabell\u00f3n de asistencia m\u00e9dica, en el que tratamos a personas en situaci\u00f3n socioecon\u00f3mica complicada; y el sal\u00f3n en el que llevamos a cabo las reuniones espirituales\u00bb.<\/p>\n<p>El mensaje de los maestros pintores<\/p>\n<p>Medrado comenz\u00f3 su relaci\u00f3n con el mundo de los esp\u00edritus en su m\u00e1s tierna infancia. Y como le sucedi\u00f3 a muchos otros m\u00e9diums, tard\u00f3 en comprender lo que le estaba ocurriendo: \u00abRecuerdo que a los siete a\u00f1os de edad ve\u00eda a mi abuela fallecida. Cuando se lo contaba a mis padres, no comprend\u00edan nada, pues me cri\u00e9 en una familia de fuertes convicciones cat\u00f3licas. Por culpa de esta clase de experiencias con el \u2018otro lado\u2019, pas\u00e9 una infancia y una adolescencia bastante tristes. Nadie sab\u00eda ofrecerme respuestas, hasta que a los quince a\u00f1os descubr\u00ed la doctrina esp\u00edrita, d\u00e1ndome cuenta de que lo que me pasaba no era nada raro, que les ocurr\u00eda a muchas otras personas. Tiempo despu\u00e9s, a los diecisiete, fund\u00e9 una asociaci\u00f3n esp\u00edrita, que acabar\u00eda siendo el germen de la Ciudad de la Luz\u00bb.<\/p>\n<p>Precisamente en esa \u00e9poca, los maestros pintores del m\u00e1s all\u00e1 entraron en contacto con nuestro protagonista por primera vez. \u00abUn grupo de espiritistas hab\u00edamos fundado un orfanato para recoger a los ni\u00f1os de la calle, pero ten\u00edamos enormes problemas econ\u00f3micos para mantenerlo \u2013continu\u00f3 Medrado con sus explicaciones\u2013. Entonces, un d\u00eda, durante una reuni\u00f3n medi\u00famnica, se me apareci\u00f3 un esp\u00edritu que se identific\u00f3 como Renoir, anim\u00e1ndome a pintar. Lo intent\u00e9, pero no consegu\u00ed nada. Debo aclarar que era y sigo siendo bastante malo con el dibujo, y nunca me hab\u00eda interesado por ello hasta esa experiencia con Renoir. Hice un segundo intento, fracasando tambi\u00e9n. Pero a la tercera, d\u00edas despu\u00e9s, puse de fondo la Novena Sinfon\u00eda de Beethoven y, casi de inmediato, entr\u00e9 en trance. Fue Van Gogh el que emple\u00f3 mi cuerpo para pintar precisamente a Beethoven\u00bb.<\/p>\n<p>Cuando entra en trance, al inicio de las sesiones de arte medi\u00famnico, Medrado experimenta una especie de impacto a lo largo de toda su columna vertebral y sufre una alteraci\u00f3n de la conciencia. \u00abEs como si estuviera anestesiado \u2013me explicaba\u2013, aunque no pierdo el sentido por completo. Entonces, noto que mi cuerpo se expande, pierdo la noci\u00f3n del espacio y el tiempo, disminuyen mucho mis percepciones f\u00edsicas y, durante toda la sesi\u00f3n, no soy consciente de lo que pintan los esp\u00edritus. Empiezo siempre con Renoir, porque al principio de cada sesi\u00f3n tiene que darse un proceso de adecuaci\u00f3n entre mis ondas mentales y las de los esp\u00edritus pintores. Y de todos ellos, el que tiene esas ondas m\u00e1s parecidas a las m\u00edas es Renoir. Luego, una vez conseguida mi conexi\u00f3n con el \u2018otro lado\u2019, el resto de los artistas del m\u00e1s all\u00e1 pueden llegar a m\u00ed con mayor facilidad\u2026<\/p>\n<p>\u2026Suelo tardar entre cuatro y doce minutos en terminar un cuadro completo. Por tanto, la elaboraci\u00f3n de los colores y la composici\u00f3n arm\u00f3nica son casi instant\u00e1neas. Esto ser\u00eda imposible para los pintores si estuvieran vivos, puesto que eran muy perfeccionistas en sus obras y trabajaban con mucha calma. Pero ahora es distinto, porque la finalidad de mis demostraciones p\u00fablicas, seg\u00fan me dicen mis gu\u00edas espirituales, es la de hacer pensar a la gente que la existencia no se termina cuando dejamos este mundo, sino que continuamos viviendo de otra forma\u00bb.<\/p>\n<p>\u00abAnulan los colores no deseados\u00bb<\/p>\n<p>Entre las innumerables experiencias sorprendentes que Medrado vivi\u00f3 a causa de su don, y que me narr\u00f3 con cierto detalle, me quedo con la siguiente. En cierta ocasi\u00f3n, antes de una sesi\u00f3n de pintura medi\u00famnica, lo entrevist\u00f3 un periodista esc\u00e9ptico respecto a la existencia del m\u00e1s all\u00e1. \u00abMe dijo que ten\u00eda que hablar conmigo porque era su trabajo, pero que no cre\u00eda que hubiera vida despu\u00e9s de la vida \u2013me contaba Medrado\u2013. Curiosamente, uno de los cuadros, realizado por el esp\u00edritu de Monet, era un rostro que el reportero acab\u00f3 reconociendo con gran sorpresa. Era la cara de su hermano, que se hab\u00eda suicidado s\u00f3lo unos d\u00edas atr\u00e1s\u00bb.<\/p>\n<p>Al terminar una demostraci\u00f3n, Medrado asegura que se nota extenuado: \u00abMe encuentro muy cansado, cada vez m\u00e1s con el paso de los a\u00f1os. Me entra hambre y, sobre todo, necesito beber muchos l\u00edquidos porque estoy deshidratado\u00bb. Al igual que Florencio Ant\u00f3n, Jos\u00e9 Medrado pinta con sus manos cubiertas por unos guantes. En ambos casos me sorprendi\u00f3 que los colores se distribuyeran por el lienzo de manera arm\u00f3nica, a pesar de que los guantes estuvieran manchados de diferentes tonos. Lo l\u00f3gico ser\u00eda que los cuadros terminaran con una serie de manchurrones de distinto color, pero esto no sucede.<\/p>\n<p>El m\u00e9dium me explic\u00f3 el porqu\u00e9 de este fen\u00f3meno: \u00abLo que me planteas es uno de los mayores misterios de la pintura medi\u00famnica. Seg\u00fan me comunicaron los maestros de los esp\u00edritus del \u2018otro lado\u2019, anulan los colores no deseados durante la elaboraci\u00f3n del cuadro. No me preguntes c\u00f3mo porque s\u00e9 lo mismo que t\u00fa. Si te fijas, las personas que me ayudan, cuya labor es sostener el lienzo por sus extremos mientras pinto y retirarlo en cuanto termino el trabajo, s\u00ed ensucian el cuadro. En todos los lienzos se ven esos manchones en sus esquinas\u00bb. Varios expertos en arte se interesaron por la obra de Medrado. Es el caso de la prestigiosa Matilde Matos, miembro de la Asociaci\u00f3n Internacional de Cr\u00edticos de Arte, quien asegur\u00f3 que las capacidades del m\u00e9dium no tienen explicaci\u00f3n, pues carece de conocimientos de pintura. \u00abPara efectuar un cuadro como los que realiza en estado de trance, se requerir\u00eda mucho tiempo, no bastan simplemente unos minutos, pero \u00e9l consigue proporciones correctas y equilibrio de colores y composici\u00f3n\u00bb, declar\u00f3.<\/p>\n<p><span style=\"color: #003366;\"><strong>Fuente: espaciomisterio.com<\/strong><\/span><\/p>\n","protected":false},"excerpt":{"rendered":"<p>* Jos\u00e9 Medrado es el m\u00e9dium pict\u00f3rico m\u00e1s conocido de la actualidad. Sus sesiones de pintura medi\u00famnica son absolutamente espectaculares, y tuvimos la oportunidad de contemplar una de sus demostraciones en vivo y en directo, en la que el esp\u00edritu de un pintor fallecido se apoder\u00f3 de su cuerpo y realiz\u00f3 una aut\u00e9ntica maravilla. Miguel [&hellip;]<\/p>\n","protected":false},"author":1,"featured_media":51911,"comment_status":"open","ping_status":"open","sticky":false,"template":"","format":"standard","meta":{"om_disable_all_campaigns":false,"_monsterinsights_skip_tracking":false,"_monsterinsights_sitenote_active":false,"_monsterinsights_sitenote_note":"","_monsterinsights_sitenote_category":0,"footnotes":""},"categories":[10],"tags":[],"class_list":["post-51910","post","type-post","status-publish","format-standard","has-post-thumbnail","hentry","category-cultura"],"aioseo_notices":[],"_links":{"self":[{"href":"https:\/\/elcronistadigital.com\/index.php?rest_route=\/wp\/v2\/posts\/51910","targetHints":{"allow":["GET"]}}],"collection":[{"href":"https:\/\/elcronistadigital.com\/index.php?rest_route=\/wp\/v2\/posts"}],"about":[{"href":"https:\/\/elcronistadigital.com\/index.php?rest_route=\/wp\/v2\/types\/post"}],"author":[{"embeddable":true,"href":"https:\/\/elcronistadigital.com\/index.php?rest_route=\/wp\/v2\/users\/1"}],"replies":[{"embeddable":true,"href":"https:\/\/elcronistadigital.com\/index.php?rest_route=%2Fwp%2Fv2%2Fcomments&post=51910"}],"version-history":[{"count":1,"href":"https:\/\/elcronistadigital.com\/index.php?rest_route=\/wp\/v2\/posts\/51910\/revisions"}],"predecessor-version":[{"id":51912,"href":"https:\/\/elcronistadigital.com\/index.php?rest_route=\/wp\/v2\/posts\/51910\/revisions\/51912"}],"wp:featuredmedia":[{"embeddable":true,"href":"https:\/\/elcronistadigital.com\/index.php?rest_route=\/wp\/v2\/media\/51911"}],"wp:attachment":[{"href":"https:\/\/elcronistadigital.com\/index.php?rest_route=%2Fwp%2Fv2%2Fmedia&parent=51910"}],"wp:term":[{"taxonomy":"category","embeddable":true,"href":"https:\/\/elcronistadigital.com\/index.php?rest_route=%2Fwp%2Fv2%2Fcategories&post=51910"},{"taxonomy":"post_tag","embeddable":true,"href":"https:\/\/elcronistadigital.com\/index.php?rest_route=%2Fwp%2Fv2%2Ftags&post=51910"}],"curies":[{"name":"wp","href":"https:\/\/api.w.org\/{rel}","templated":true}]}}