{"id":51949,"date":"2019-12-30T09:52:13","date_gmt":"2019-12-30T15:52:13","guid":{"rendered":"http:\/\/elcronistadigital.com\/?p=51949"},"modified":"2019-12-30T09:52:13","modified_gmt":"2019-12-30T15:52:13","slug":"parasito-de-cerdo-mata-a-actor-de-el-senor-de-los-cielos","status":"publish","type":"post","link":"https:\/\/elcronistadigital.com\/?p=51949","title":{"rendered":"Par\u00e1sito de cerdo mata a actor de \u201cEl Se\u00f1or de los Cielos\u201d"},"content":{"rendered":"<p><span style=\"color: #993300;\"><em><strong><a href=\"https:\/\/elcronistadigital.com\/wp-content\/uploads\/2019\/12\/cisti.jpg\"><img loading=\"lazy\" decoding=\"async\" class=\"alignleft size-full wp-image-51950\" alt=\"cisti\" src=\"https:\/\/elcronistadigital.com\/wp-content\/uploads\/2019\/12\/cisti.jpg\" width=\"330\" height=\"321\" srcset=\"https:\/\/elcronistadigital.com\/wp-content\/uploads\/2019\/12\/cisti.jpg 330w, https:\/\/elcronistadigital.com\/wp-content\/uploads\/2019\/12\/cisti-300x291.jpg 300w, https:\/\/elcronistadigital.com\/wp-content\/uploads\/2019\/12\/cisti-50x50.jpg 50w, https:\/\/elcronistadigital.com\/wp-content\/uploads\/2019\/12\/cisti-55x55.jpg 55w\" sizes=\"auto, (max-width: 330px) 100vw, 330px\" \/><\/a>* En los \u00faltimos meses circularon rumores sobre la gravedad del actor que incluso lo situaron en estado de coma.<\/strong><\/em><\/span><\/p>\n<p>El actor mexicano Sebastian Ferrat muri\u00f3 este domingo tras padecer durante meses cisticercosis, infecci\u00f3n que, aparentemente, contrajo al comer carne de cerdo en mal estado. El deceso fue confirmado por sus familiares a trav\u00e9s de un comunicado de prensa, informan medios locales.<\/p>\n<p>Ferrat, de 40 a\u00f1os, actu\u00f3 en la tercera y cuarta temporada de &#8216;El se\u00f1or de los Cielos&#8217;, una telenovela estadounidense de drama criminal. Varios actores y actrices han lamentado su muerte con mensajes de condolencia publicados en las redes sociales.<\/p>\n<p>Desde el pasado mes de octubre, circulaban rumores sobre la gravedad del actor, llegando algunas informaciones no confirmadas a situarlo en estado de coma. En su \u00faltima publicaci\u00f3n en Instagram, Ferrat recibi\u00f3 varios comentarios de sus fans que se interesaban por su paradero.<\/p>\n<p>El actor, que daba vida en la serie al villano Juan Antonio &#8216;El Marcado&#8217;, estuvo internado en un hospital de su ciudad natal, Mexicali, Baja California sin recibir visitas de amigos ni conocidos por decisi\u00f3n de su familia, que prefiri\u00f3 no hacer p\u00fablicos los pormenores de su enfermedad, asegurando que lo primordial era su recuperaci\u00f3n.<\/p>\n<p>La cisticercosis, la infecci\u00f3n que, supuestamente, contrajo el actor, es causada por la ingesta de larvas de una especie de tenia que suele estar presente en carne de cerdo mal cocida o en mal estado. Este tipo de tenia produce quistes en diferentes partes del cuerpo, como los m\u00fasculos y el cerebro.<\/p>\n<p>Fuente: RT.<\/p>\n","protected":false},"excerpt":{"rendered":"<p>* En los \u00faltimos meses circularon rumores sobre la gravedad del actor que incluso lo situaron en estado de coma. El actor mexicano Sebastian Ferrat muri\u00f3 este domingo tras padecer durante meses cisticercosis, infecci\u00f3n que, aparentemente, contrajo al comer carne de cerdo en mal estado. El deceso fue confirmado por sus familiares a trav\u00e9s de [&hellip;]<\/p>\n","protected":false},"author":1,"featured_media":51950,"comment_status":"open","ping_status":"open","sticky":false,"template":"","format":"standard","meta":{"om_disable_all_campaigns":false,"_monsterinsights_skip_tracking":false,"_monsterinsights_sitenote_active":false,"_monsterinsights_sitenote_note":"","_monsterinsights_sitenote_category":0,"footnotes":""},"categories":[13],"tags":[],"class_list":["post-51949","post","type-post","status-publish","format-standard","has-post-thumbnail","hentry","category-portada"],"aioseo_notices":[],"_links":{"self":[{"href":"https:\/\/elcronistadigital.com\/index.php?rest_route=\/wp\/v2\/posts\/51949","targetHints":{"allow":["GET"]}}],"collection":[{"href":"https:\/\/elcronistadigital.com\/index.php?rest_route=\/wp\/v2\/posts"}],"about":[{"href":"https:\/\/elcronistadigital.com\/index.php?rest_route=\/wp\/v2\/types\/post"}],"author":[{"embeddable":true,"href":"https:\/\/elcronistadigital.com\/index.php?rest_route=\/wp\/v2\/users\/1"}],"replies":[{"embeddable":true,"href":"https:\/\/elcronistadigital.com\/index.php?rest_route=%2Fwp%2Fv2%2Fcomments&post=51949"}],"version-history":[{"count":1,"href":"https:\/\/elcronistadigital.com\/index.php?rest_route=\/wp\/v2\/posts\/51949\/revisions"}],"predecessor-version":[{"id":51951,"href":"https:\/\/elcronistadigital.com\/index.php?rest_route=\/wp\/v2\/posts\/51949\/revisions\/51951"}],"wp:featuredmedia":[{"embeddable":true,"href":"https:\/\/elcronistadigital.com\/index.php?rest_route=\/wp\/v2\/media\/51950"}],"wp:attachment":[{"href":"https:\/\/elcronistadigital.com\/index.php?rest_route=%2Fwp%2Fv2%2Fmedia&parent=51949"}],"wp:term":[{"taxonomy":"category","embeddable":true,"href":"https:\/\/elcronistadigital.com\/index.php?rest_route=%2Fwp%2Fv2%2Fcategories&post=51949"},{"taxonomy":"post_tag","embeddable":true,"href":"https:\/\/elcronistadigital.com\/index.php?rest_route=%2Fwp%2Fv2%2Ftags&post=51949"}],"curies":[{"name":"wp","href":"https:\/\/api.w.org\/{rel}","templated":true}]}}