{"id":51957,"date":"2019-12-30T10:35:20","date_gmt":"2019-12-30T16:35:20","guid":{"rendered":"http:\/\/elcronistadigital.com\/?p=51957"},"modified":"2019-12-30T10:35:20","modified_gmt":"2019-12-30T16:35:20","slug":"el-senor-barriga-perdona-la-renta-a-don-ramon","status":"publish","type":"post","link":"https:\/\/elcronistadigital.com\/?p=51957","title":{"rendered":"El &#8216;Se\u00f1or Barriga&#8217; perdona la renta a &#8216;Don Ram\u00f3n&#8217;"},"content":{"rendered":"<p><a href=\"https:\/\/elcronistadigital.com\/wp-content\/uploads\/2019\/12\/ron-dam\u00f3n.jpg\"><img loading=\"lazy\" decoding=\"async\" class=\"alignleft size-full wp-image-51958\" alt=\"ron dam\u00f3n\" src=\"https:\/\/elcronistadigital.com\/wp-content\/uploads\/2019\/12\/ron-dam\u00f3n.jpg\" width=\"400\" height=\"225\" srcset=\"https:\/\/elcronistadigital.com\/wp-content\/uploads\/2019\/12\/ron-dam\u00f3n.jpg 400w, https:\/\/elcronistadigital.com\/wp-content\/uploads\/2019\/12\/ron-dam\u00f3n-300x168.jpg 300w, https:\/\/elcronistadigital.com\/wp-content\/uploads\/2019\/12\/ron-dam\u00f3n-342x192.jpg 342w\" sizes=\"auto, (max-width: 400px) 100vw, 400px\" \/><\/a>El actor mexicano Edgar Vivar, quien dio vida al &#8216;Se\u00f1or Barriga&#8217; en la popular serie &#8216;El Chavo del 8&#8217;, ha mostrado con orgullo su pasi\u00f3n por el C.F. Monterrey Rayados con una ic\u00f3nica escena de dicho programa de televisi\u00f3n en la que aparece junto a &#8216;Don Ram\u00f3n&#8217;.<\/p>\n<p>El pasado domingo, antes de jugarse la final de la Liga mexicana de f\u00fatbol entre el Club Am\u00e9rica y Monterrey, Vivar public\u00f3 en su cuenta de Twitter un peque\u00f1o fragmento de un episodio, en el que el &#8216;Se\u00f1or Barriga&#8217; le perdona la renta a su inquilino, luego de que este le dijera que tambi\u00e9n es hincha de Rayados.<\/p>\n<p>El Monterrey se coron\u00f3 campe\u00f3n del f\u00fatbol mexicano tras vencer al Am\u00e9rica en la tanda de penales por un marcador de 4 a 2.<\/p>\n<p>Fuente: RT<\/p>\n","protected":false},"excerpt":{"rendered":"<p>El actor mexicano Edgar Vivar, quien dio vida al &#8216;Se\u00f1or Barriga&#8217; en la popular serie &#8216;El Chavo del 8&#8217;, ha mostrado con orgullo su pasi\u00f3n por el C.F. Monterrey Rayados con una ic\u00f3nica escena de dicho programa de televisi\u00f3n en la que aparece junto a &#8216;Don Ram\u00f3n&#8217;. El pasado domingo, antes de jugarse la final [&hellip;]<\/p>\n","protected":false},"author":1,"featured_media":51958,"comment_status":"open","ping_status":"open","sticky":false,"template":"","format":"standard","meta":{"om_disable_all_campaigns":false,"_monsterinsights_skip_tracking":false,"_monsterinsights_sitenote_active":false,"_monsterinsights_sitenote_note":"","_monsterinsights_sitenote_category":0,"footnotes":""},"categories":[13],"tags":[],"class_list":["post-51957","post","type-post","status-publish","format-standard","has-post-thumbnail","hentry","category-portada"],"aioseo_notices":[],"_links":{"self":[{"href":"https:\/\/elcronistadigital.com\/index.php?rest_route=\/wp\/v2\/posts\/51957","targetHints":{"allow":["GET"]}}],"collection":[{"href":"https:\/\/elcronistadigital.com\/index.php?rest_route=\/wp\/v2\/posts"}],"about":[{"href":"https:\/\/elcronistadigital.com\/index.php?rest_route=\/wp\/v2\/types\/post"}],"author":[{"embeddable":true,"href":"https:\/\/elcronistadigital.com\/index.php?rest_route=\/wp\/v2\/users\/1"}],"replies":[{"embeddable":true,"href":"https:\/\/elcronistadigital.com\/index.php?rest_route=%2Fwp%2Fv2%2Fcomments&post=51957"}],"version-history":[{"count":1,"href":"https:\/\/elcronistadigital.com\/index.php?rest_route=\/wp\/v2\/posts\/51957\/revisions"}],"predecessor-version":[{"id":51959,"href":"https:\/\/elcronistadigital.com\/index.php?rest_route=\/wp\/v2\/posts\/51957\/revisions\/51959"}],"wp:featuredmedia":[{"embeddable":true,"href":"https:\/\/elcronistadigital.com\/index.php?rest_route=\/wp\/v2\/media\/51958"}],"wp:attachment":[{"href":"https:\/\/elcronistadigital.com\/index.php?rest_route=%2Fwp%2Fv2%2Fmedia&parent=51957"}],"wp:term":[{"taxonomy":"category","embeddable":true,"href":"https:\/\/elcronistadigital.com\/index.php?rest_route=%2Fwp%2Fv2%2Fcategories&post=51957"},{"taxonomy":"post_tag","embeddable":true,"href":"https:\/\/elcronistadigital.com\/index.php?rest_route=%2Fwp%2Fv2%2Ftags&post=51957"}],"curies":[{"name":"wp","href":"https:\/\/api.w.org\/{rel}","templated":true}]}}