{"id":52070,"date":"2020-01-24T09:21:28","date_gmt":"2020-01-24T15:21:28","guid":{"rendered":"http:\/\/elcronistadigital.com\/?p=52070"},"modified":"2020-01-24T09:21:28","modified_gmt":"2020-01-24T15:21:28","slug":"experto-que-aseguro-que-coronavirus-era-controlable-cree-se-infecto-a-traves-de-sus-ojos","status":"publish","type":"post","link":"https:\/\/elcronistadigital.com\/?p=52070","title":{"rendered":"Experto que asegur\u00f3 que coronavirus era \u00abcontrolable\u00bb, cree se infect\u00f3 a trav\u00e9s de sus ojos"},"content":{"rendered":"<p><span style=\"color: #993300;\"><em><strong><a href=\"https:\/\/elcronistadigital.com\/wp-content\/uploads\/2020\/01\/Wang-Guangfa.jpg\"><img loading=\"lazy\" decoding=\"async\" class=\"alignright size-full wp-image-52071\" alt=\"Wang Guangfa\" src=\"https:\/\/elcronistadigital.com\/wp-content\/uploads\/2020\/01\/Wang-Guangfa.jpg\" width=\"400\" height=\"267\" srcset=\"https:\/\/elcronistadigital.com\/wp-content\/uploads\/2020\/01\/Wang-Guangfa.jpg 400w, https:\/\/elcronistadigital.com\/wp-content\/uploads\/2020\/01\/Wang-Guangfa-300x200.jpg 300w, https:\/\/elcronistadigital.com\/wp-content\/uploads\/2020\/01\/Wang-Guangfa-342x228.jpg 342w\" sizes=\"auto, (max-width: 400px) 100vw, 400px\" \/><\/a>* El especialista mantiene sus declaraciones anteriores, pero admite que se requiere de medidas m\u00e1s fuertes para evitar su propagaci\u00f3n.<\/strong><\/em><\/span><\/p>\n<p>Wang Guangfa, un especialista en respiraci\u00f3n de la Universidad de Pek\u00edn, asegur\u00f3 que el nuevo coronavirus se pod\u00eda controlar, y poco despu\u00e9s de visitar el epicentro del brote, contrajo la enfermedad. El experto cree que se infect\u00f3 a trav\u00e9s de sus ojos, informan medios locales.<\/p>\n<p>Hace poco, Wang visit\u00f3 la ciudad de Wuhan y tuvo contacto con algunos pacientes. En ese entonces, afirm\u00f3 que el virus era \u00abprevenible y controlable\u00bb pero m\u00e1s adelante confirm\u00f3 que se hab\u00eda contagiado y considera que probablemente la falta de protecci\u00f3n ocular fue la causa.<\/p>\n<p>\u00abEn ese momento est\u00e1bamos muy vigilantes y us\u00e1bamos m\u00e1scaras [\u2026] pero de repente me di cuenta de que no us\u00e1bamos gafas protectoras\u00bb, coment\u00f3 el especialista.<\/p>\n<p>Por su parte, Li Lanjuan, miembro del panel de expertos de alto nivel de la Comisi\u00f3n Nacional de Salud de China que visit\u00f3 Wuhan el fin de semana, se\u00f1al\u00f3 que los m\u00e9dicos necesitaban anteojos protectores porque ten\u00edan contacto directo con los pacientes, pero que la ciudadan\u00eda solo deb\u00eda usar mascarillas.<\/p>\n<p>A pesar de las circunstancias, Wang mantiene sus declaraciones anteriores, pero admite que se requiere de medidas m\u00e1s fuertes para evitar su propagaci\u00f3n.<\/p>\n<p>Asimismo, dijo que todav\u00eda se desconoce la velocidad de propagaci\u00f3n del virus, pero que \u00abtodav\u00eda es evitable y controlable, aunque la sociedad tendr\u00e1 que pagar un precio por eso\u00bb.<\/p>\n<p>Finalmente, el experto confirm\u00f3 a trav\u00e9s de redes sociales que se est\u00e1 recuperando y que la fiebre estaba desapareciendo.<\/p>\n","protected":false},"excerpt":{"rendered":"<p>* El especialista mantiene sus declaraciones anteriores, pero admite que se requiere de medidas m\u00e1s fuertes para evitar su propagaci\u00f3n. Wang Guangfa, un especialista en respiraci\u00f3n de la Universidad de Pek\u00edn, asegur\u00f3 que el nuevo coronavirus se pod\u00eda controlar, y poco despu\u00e9s de visitar el epicentro del brote, contrajo la enfermedad. El experto cree que [&hellip;]<\/p>\n","protected":false},"author":1,"featured_media":52071,"comment_status":"open","ping_status":"open","sticky":false,"template":"","format":"standard","meta":{"om_disable_all_campaigns":false,"_monsterinsights_skip_tracking":false,"_monsterinsights_sitenote_active":false,"_monsterinsights_sitenote_note":"","_monsterinsights_sitenote_category":0,"footnotes":""},"categories":[7,13],"tags":[],"class_list":["post-52070","post","type-post","status-publish","format-standard","has-post-thumbnail","hentry","category-salud-y-belleza","category-portada"],"aioseo_notices":[],"_links":{"self":[{"href":"https:\/\/elcronistadigital.com\/index.php?rest_route=\/wp\/v2\/posts\/52070","targetHints":{"allow":["GET"]}}],"collection":[{"href":"https:\/\/elcronistadigital.com\/index.php?rest_route=\/wp\/v2\/posts"}],"about":[{"href":"https:\/\/elcronistadigital.com\/index.php?rest_route=\/wp\/v2\/types\/post"}],"author":[{"embeddable":true,"href":"https:\/\/elcronistadigital.com\/index.php?rest_route=\/wp\/v2\/users\/1"}],"replies":[{"embeddable":true,"href":"https:\/\/elcronistadigital.com\/index.php?rest_route=%2Fwp%2Fv2%2Fcomments&post=52070"}],"version-history":[{"count":1,"href":"https:\/\/elcronistadigital.com\/index.php?rest_route=\/wp\/v2\/posts\/52070\/revisions"}],"predecessor-version":[{"id":52072,"href":"https:\/\/elcronistadigital.com\/index.php?rest_route=\/wp\/v2\/posts\/52070\/revisions\/52072"}],"wp:featuredmedia":[{"embeddable":true,"href":"https:\/\/elcronistadigital.com\/index.php?rest_route=\/wp\/v2\/media\/52071"}],"wp:attachment":[{"href":"https:\/\/elcronistadigital.com\/index.php?rest_route=%2Fwp%2Fv2%2Fmedia&parent=52070"}],"wp:term":[{"taxonomy":"category","embeddable":true,"href":"https:\/\/elcronistadigital.com\/index.php?rest_route=%2Fwp%2Fv2%2Fcategories&post=52070"},{"taxonomy":"post_tag","embeddable":true,"href":"https:\/\/elcronistadigital.com\/index.php?rest_route=%2Fwp%2Fv2%2Ftags&post=52070"}],"curies":[{"name":"wp","href":"https:\/\/api.w.org\/{rel}","templated":true}]}}