{"id":525,"date":"2011-03-25T23:15:46","date_gmt":"2011-03-25T23:15:46","guid":{"rendered":"http:\/\/elcronistadigital.com\/?p=525"},"modified":"2011-06-01T23:16:25","modified_gmt":"2011-06-01T23:16:25","slug":"preparan-plan-contra-delincuencia-organizada-en-america-latina","status":"publish","type":"post","link":"https:\/\/elcronistadigital.com\/?p=525","title":{"rendered":"Preparan plan contra delincuencia organizada en Am\u00e9rica Latina"},"content":{"rendered":"<div><span>\u00a0\u00a0<\/span><\/div>\n<div><span>\u00a0<\/span><\/div>\n<p><span>\u00a0<\/p>\n<p><\/span><\/p>\n<div class=\"img_caption none\" style=\"text-align: justify; width: 298px;\"><a href=\"https:\/\/elcronistadigital.com\/wp-content\/uploads\/2011\/06\/Aminta-Granera.jpg\"><img loading=\"lazy\" decoding=\"async\" class=\"alignleft size-full wp-image-526\" title=\"Aminta Granera\" src=\"https:\/\/elcronistadigital.com\/wp-content\/uploads\/2011\/06\/Aminta-Granera.jpg\" alt=\"\" width=\"298\" height=\"180\" \/><\/a>\u00a0<\/div>\n<p class=\"img_caption\">Aminta Granera, jefa de la Polic\u00eda de Nicaragua.<\/p>\n<p style=\"text-align: justify;\">La primera comisionada Aminta Elena Granera Sacasa, directora general de la Polic\u00eda Nacional de Nicaragua, particip\u00f3 este viernes en el acto de instalaci\u00f3n de la \u00abXXIX Reuni\u00f3n Extraordinaria de Comisi\u00f3n de Jefes y Jefas, Directores y Directoras de Polic\u00eda de Centroam\u00e9rica, M\u00e9xico y el Caribe\u00bb que se lleva a cabo en Bogot\u00e1, Colombia.\u00a0<\/p>\n<p style=\"text-align: justify;\">La vocer\u00eda policial en Managua dio a conocer que la reuni\u00f3n fue inaugurada por el comisionado Carlos Ascensio Gir\u00f3n, director general de la Polic\u00eda Nacional Civil de El Salvador y Presidente de la Comisi\u00f3n.<\/p>\n<p style=\"text-align: justify;\">Al encuentro asisten los Jefes policiales de Centroam\u00e9rica, M\u00e9xico y el Caribe, el director de la Oficina Regional de Interpol para Centroam\u00e9rica, comisionado Sa\u00fal Hern\u00e1ndez La\u00ednez, entidad que funge como Secretar\u00eda T\u00e9cnica de la Comisi\u00f3n.<\/p>\n<p style=\"text-align: justify;\">As\u00ed mismo, se cont\u00f3 con la participaci\u00f3n, en car\u00e1cter de observadores, de representantes de organismos policiales de Alemania, Francia, y Colombia, y de la Agencia Espa\u00f1ola de Cooperaci\u00f3n Internacional AECID.<\/p>\n<p style=\"text-align: justify;\">Durante la reuni\u00f3n se estar\u00e1n abordando importantes temas para evaluar el trabajo realizado, los \u00e9xitos y dificultades que se enfrenta en el combate a la criminalidad organizada que afecta y amenaza a la regi\u00f3n. Asimismo se discuten planes, medidas y esfuerzos que de forma integrada desarrollar\u00e1n los cuerpos policiales en los pr\u00f3ximos a\u00f1os.<\/p>\n<p style=\"text-align: justify;\">Se trabaja en un Plan estrat\u00e9gico Regional contra la delincuencia organizada transnacional para el per\u00edodo 2011-2013, operaciones regionales espec\u00edficas y simultaneas contra la trata de personas, el narcotr\u00e1fico y las maras, entre otros, cuyas experiencias anteriores han sido valorados muy positivamente.<\/p>\n<p style=\"text-align: justify;\">En diciembre de 2011, la Comisi\u00f3n cumplir\u00e1 veinte a\u00f1os de fundaci\u00f3n, durante los cuales Nicaragua ha ocupado en distintos per\u00edodos la presidencia de este organismo, desarrollando un papel preponderante y de liderazgo regional. Los Jefes policiales preparan un programa especial para conmemorar este importante acontecimiento.<\/p>\n","protected":false},"excerpt":{"rendered":"<p>\u00a0\u00a0 \u00a0 \u00a0 \u00a0 Aminta Granera, jefa de la Polic\u00eda de Nicaragua. La primera comisionada Aminta Elena Granera Sacasa, directora general de la Polic\u00eda Nacional de Nicaragua, particip\u00f3 este viernes en el acto de instalaci\u00f3n de la \u00abXXIX Reuni\u00f3n Extraordinaria de Comisi\u00f3n de Jefes y Jefas, Directores y Directoras de Polic\u00eda de Centroam\u00e9rica, M\u00e9xico y [&hellip;]<\/p>\n","protected":false},"author":1,"featured_media":526,"comment_status":"open","ping_status":"open","sticky":false,"template":"","format":"standard","meta":{"om_disable_all_campaigns":false,"_monsterinsights_skip_tracking":false,"_monsterinsights_sitenote_active":false,"_monsterinsights_sitenote_note":"","_monsterinsights_sitenote_category":0,"footnotes":""},"categories":[3],"tags":[],"class_list":["post-525","post","type-post","status-publish","format-standard","has-post-thumbnail","hentry","category-nacionales"],"aioseo_notices":[],"_links":{"self":[{"href":"https:\/\/elcronistadigital.com\/index.php?rest_route=\/wp\/v2\/posts\/525","targetHints":{"allow":["GET"]}}],"collection":[{"href":"https:\/\/elcronistadigital.com\/index.php?rest_route=\/wp\/v2\/posts"}],"about":[{"href":"https:\/\/elcronistadigital.com\/index.php?rest_route=\/wp\/v2\/types\/post"}],"author":[{"embeddable":true,"href":"https:\/\/elcronistadigital.com\/index.php?rest_route=\/wp\/v2\/users\/1"}],"replies":[{"embeddable":true,"href":"https:\/\/elcronistadigital.com\/index.php?rest_route=%2Fwp%2Fv2%2Fcomments&post=525"}],"version-history":[{"count":3,"href":"https:\/\/elcronistadigital.com\/index.php?rest_route=\/wp\/v2\/posts\/525\/revisions"}],"predecessor-version":[{"id":529,"href":"https:\/\/elcronistadigital.com\/index.php?rest_route=\/wp\/v2\/posts\/525\/revisions\/529"}],"wp:featuredmedia":[{"embeddable":true,"href":"https:\/\/elcronistadigital.com\/index.php?rest_route=\/wp\/v2\/media\/526"}],"wp:attachment":[{"href":"https:\/\/elcronistadigital.com\/index.php?rest_route=%2Fwp%2Fv2%2Fmedia&parent=525"}],"wp:term":[{"taxonomy":"category","embeddable":true,"href":"https:\/\/elcronistadigital.com\/index.php?rest_route=%2Fwp%2Fv2%2Fcategories&post=525"},{"taxonomy":"post_tag","embeddable":true,"href":"https:\/\/elcronistadigital.com\/index.php?rest_route=%2Fwp%2Fv2%2Ftags&post=525"}],"curies":[{"name":"wp","href":"https:\/\/api.w.org\/{rel}","templated":true}]}}