{"id":52582,"date":"2020-03-30T08:33:27","date_gmt":"2020-03-30T14:33:27","guid":{"rendered":"http:\/\/elcronistadigital.com\/?p=52582"},"modified":"2020-03-30T08:33:27","modified_gmt":"2020-03-30T14:33:27","slug":"fmi-coronavirus-sera-golpe-demoledor-para-economia-europea","status":"publish","type":"post","link":"https:\/\/elcronistadigital.com\/?p=52582","title":{"rendered":"FMI: coronavirus ser\u00e1 \u201cgolpe demoledor\u201d para econom\u00eda europea"},"content":{"rendered":"<p><a href=\"https:\/\/elcronistadigital.com\/wp-content\/uploads\/2020\/03\/virus54.jpg\"><img loading=\"lazy\" decoding=\"async\" class=\"alignleft size-full wp-image-52583\" alt=\"virus\" src=\"https:\/\/elcronistadigital.com\/wp-content\/uploads\/2020\/03\/virus54.jpg\" width=\"400\" height=\"225\" srcset=\"https:\/\/elcronistadigital.com\/wp-content\/uploads\/2020\/03\/virus54.jpg 400w, https:\/\/elcronistadigital.com\/wp-content\/uploads\/2020\/03\/virus54-300x168.jpg 300w, https:\/\/elcronistadigital.com\/wp-content\/uploads\/2020\/03\/virus54-342x192.jpg 342w\" sizes=\"auto, (max-width: 400px) 100vw, 400px\" \/><\/a>Seg\u00fan el organismo, en las principales econom\u00edas europeas \u00ablos servicios no esenciales cerrados\u00bb representan aproximadamente un tercio de la producci\u00f3n. Pronostica una \u201cinevitable recesi\u00f3n\u201d.<\/p>\n<p>Mientras todav\u00eda se desconoce cu\u00e1nto tiempo se prolongar\u00e1 la crisis de covid-19, el Fondo Monetario Internacional (FMI) advierte que el impacto econ\u00f3mico para Europa \u00abser\u00e1 severo\u00bb.<\/p>\n<p>Para Europa, la pandemia de coronavirus ha sido \u00abun golpe demoledor\u00bb, escribi\u00f3 en un comunicado el economista del FMI, Poul Thomsen.<\/p>\n","protected":false},"excerpt":{"rendered":"<p>Seg\u00fan el organismo, en las principales econom\u00edas europeas \u00ablos servicios no esenciales cerrados\u00bb representan aproximadamente un tercio de la producci\u00f3n. Pronostica una \u201cinevitable recesi\u00f3n\u201d. Mientras todav\u00eda se desconoce cu\u00e1nto tiempo se prolongar\u00e1 la crisis de covid-19, el Fondo Monetario Internacional (FMI) advierte que el impacto econ\u00f3mico para Europa \u00abser\u00e1 severo\u00bb. Para Europa, la pandemia de [&hellip;]<\/p>\n","protected":false},"author":1,"featured_media":52583,"comment_status":"open","ping_status":"open","sticky":false,"template":"","format":"standard","meta":{"om_disable_all_campaigns":false,"_monsterinsights_skip_tracking":false,"_monsterinsights_sitenote_active":false,"_monsterinsights_sitenote_note":"","_monsterinsights_sitenote_category":0,"footnotes":""},"categories":[4,3524],"tags":[],"class_list":["post-52582","post","type-post","status-publish","format-standard","has-post-thumbnail","hentry","category-economia","category-noticas"],"aioseo_notices":[],"_links":{"self":[{"href":"https:\/\/elcronistadigital.com\/index.php?rest_route=\/wp\/v2\/posts\/52582","targetHints":{"allow":["GET"]}}],"collection":[{"href":"https:\/\/elcronistadigital.com\/index.php?rest_route=\/wp\/v2\/posts"}],"about":[{"href":"https:\/\/elcronistadigital.com\/index.php?rest_route=\/wp\/v2\/types\/post"}],"author":[{"embeddable":true,"href":"https:\/\/elcronistadigital.com\/index.php?rest_route=\/wp\/v2\/users\/1"}],"replies":[{"embeddable":true,"href":"https:\/\/elcronistadigital.com\/index.php?rest_route=%2Fwp%2Fv2%2Fcomments&post=52582"}],"version-history":[{"count":1,"href":"https:\/\/elcronistadigital.com\/index.php?rest_route=\/wp\/v2\/posts\/52582\/revisions"}],"predecessor-version":[{"id":52584,"href":"https:\/\/elcronistadigital.com\/index.php?rest_route=\/wp\/v2\/posts\/52582\/revisions\/52584"}],"wp:featuredmedia":[{"embeddable":true,"href":"https:\/\/elcronistadigital.com\/index.php?rest_route=\/wp\/v2\/media\/52583"}],"wp:attachment":[{"href":"https:\/\/elcronistadigital.com\/index.php?rest_route=%2Fwp%2Fv2%2Fmedia&parent=52582"}],"wp:term":[{"taxonomy":"category","embeddable":true,"href":"https:\/\/elcronistadigital.com\/index.php?rest_route=%2Fwp%2Fv2%2Fcategories&post=52582"},{"taxonomy":"post_tag","embeddable":true,"href":"https:\/\/elcronistadigital.com\/index.php?rest_route=%2Fwp%2Fv2%2Ftags&post=52582"}],"curies":[{"name":"wp","href":"https:\/\/api.w.org\/{rel}","templated":true}]}}