{"id":52825,"date":"2020-04-29T10:49:20","date_gmt":"2020-04-29T16:49:20","guid":{"rendered":"http:\/\/elcronistadigital.com\/?p=52825"},"modified":"2020-04-29T10:49:20","modified_gmt":"2020-04-29T16:49:20","slug":"minera-de-carlos-slim-acosa-a-campesino-que-defiende-a-su-pueblo","status":"publish","type":"post","link":"https:\/\/elcronistadigital.com\/?p=52825","title":{"rendered":"Minera de Carlos Slim acosa a campesino que defiende a su pueblo"},"content":{"rendered":"<p><span style=\"color: #003366;\"><strong><a href=\"https:\/\/elcronistadigital.com\/wp-content\/uploads\/2020\/04\/campe.jpg\"><img loading=\"lazy\" decoding=\"async\" class=\"alignleft size-full wp-image-52826\" alt=\"campe\" src=\"https:\/\/elcronistadigital.com\/wp-content\/uploads\/2020\/04\/campe.jpg\" width=\"400\" height=\"225\" srcset=\"https:\/\/elcronistadigital.com\/wp-content\/uploads\/2020\/04\/campe.jpg 400w, https:\/\/elcronistadigital.com\/wp-content\/uploads\/2020\/04\/campe-300x168.jpg 300w, https:\/\/elcronistadigital.com\/wp-content\/uploads\/2020\/04\/campe-342x192.jpg 342w\" sizes=\"auto, (max-width: 400px) 100vw, 400px\" \/><\/a>Manuel Hern\u00e1ndez Borbolla<\/strong><\/span><\/p>\n<p><span style=\"color: #993300;\"><em><strong>* Integrantes del Observatorio de Conflictos Mineros en Zacatecas denunciaron un intento de acoso judicial contra el principal opositor a un proyecto minero que devast\u00f3 un pueblo para explotar su yacimiento de cobre.<\/strong><\/em><\/span><\/p>\n<p>Organizaciones civiles denunciaron un acoso judicial contra el campesino Roberto de la Rosa, quien desde hace a\u00f1os libra una lucha contra la minera que devast\u00f3 su pueblo, que pertenece al magnate Carlos Slim, el hombre m\u00e1s rico de M\u00e9xico.<\/p>\n<p>El campesino, cuya casa se ubica en el poblado de Salaverna, en el municipio de Mazapil, en el estado de Zacatecas, encabeza desde hace a\u00f1os la defensa comunitaria contra la minera Ocampo Mining Tayahua, filial de Grupo Frisco, propiedad de Slim.<\/p>\n<p>En 2016, maquinaria pesada destruy\u00f3 casas y edificios del pueblo de Salaverna en complicidad con el gobierno estatal de Zacatecas, con el objetivo de favorecer a la empresa minera.<\/p>\n<p>Un caso emblem\u00e1tico de los conflictos sociales provocados por la industria minera en M\u00e9xico.<\/p>\n<p>\u00bfQu\u00e9 ocurri\u00f3?<\/p>\n<p>A trav\u00e9s de una petici\u00f3n en internet, el Observatorio de Conflictos Mineros de Zacatecas emiti\u00f3 una solicitud para juntar firmas y ejercer presi\u00f3n para frenar el \u00abhostigamiento y posible detenci\u00f3n arbitraria\u00bb de Roberto de la Rosa, luego de algunos incidentes registrados por el avance de la minera sobre el territorio del pueblo.<\/p>\n<p>\u00abDesde diciembre de 2019 comenz\u00f3 la minera a cercar alrededor de la comunidad, agarrando terreno y m\u00e1s p\u00e1ramos varias veces, pero como nosotros tenemos nuestras ocupaciones no podemos estar vigilantes siempre, as\u00ed fueron avanzando\u00bb, explic\u00f3 Roberto de la Rosa en entrevista con RT en Espa\u00f1ol.<br \/>\nLos abogados defensores de la comunidad de Salaverna hab\u00edan llegado a un acuerdo con el Gobierno de Zacatecas para impedir el avance de la minera y evitar, as\u00ed, que escalaran los enfrentamientos entre la gente y los trabajadores de la empresa, en lo que se resolv\u00eda un conflicto judicial que se encuentra en tribunales.<\/p>\n<p>A pesar de que existe un litigio para determinar la propiedad de los terrenos donde se ubican la comunidad de Salaverna y la minera, la empresa increment\u00f3 el n\u00famero de detonaciones en la zona durante las primeras semanas de abril.<\/p>\n<p>El pasado 13 de abril, en medio de la epidemia por coronavirus, 20 trabajadores de la minera realizaron obras en terrenos cercanos a la milpa donde siembra el campesino. Esta situaci\u00f3n provoc\u00f3 una discusi\u00f3n entre Roberto de la Rosa y el grupo de trabajadores encabezado por Jaime Alberto Contreras.<\/p>\n<p>Durante el altercado, el campesino, quien lleva a\u00f1os siendo amenazado por su resistencia a la mina, sac\u00f3 una pistola de calibre reglamentario (que usa para defenderse de los asaltantes), lo que hizo que los trabajadores abandonaran las tierras.<\/p>\n<p>Las secuelas<\/p>\n<p>El pasado 25 de abril, presuntos integrantes de la Polic\u00eda Investigadora de la Fiscal\u00eda General de Justicia de Zacatecas, adscritos a la Casa de Justicia de Mazapil, fueron a buscar al campesino a su casa para entregarle una notificaci\u00f3n judicial para declarar ante el Ministerio P\u00fablico por este altercado.<\/p>\n<p>El hecho provoc\u00f3 que el Observatorio de Conflictos Mineros de Zacatecas iniciara la recolecci\u00f3n de firmas por internet para solicitar a la Comisi\u00f3n Nacional de Derechos Humanos que intervenga en el caso y se evite una persecuci\u00f3n judicial contra Roberto de la Rosa.<\/p>\n<p>Las organizaciones que respaldan al campesino, y han acompa\u00f1ado el caso, temen que el altercado pueda ser utilizado para encarcelar a Roberto de la Rosa y beneficiar a la empresa minera en su intento por desalojar a los habitantes del poblado de Salaverna.<\/p>\n<p>De acuerdo con Grecia Eugenia Rodr\u00edguez, integrante de la Red Mexicana de Afectados por la Miner\u00eda, esta no es la primera vez que la minera propiedad de Carlos Slim \u00abutiliza a las instancias de poder del estado de Zacatecas, para intimidar, hostigar y amenazar a quienes, en el ejercicio de su derecho por la vida, se oponen a sus proyectos extractivos, como sucede en este caso con la Ocampo Mining Tayahua\u00bb.<\/p>\n<p>El campesino que lucha contra una minera de Carlos Slim para impedir la desaparici\u00f3n de su pueblo<\/p>\n<p>El poblado de Salaverna se ubica sobre un dep\u00f3sito de cobre de alta pureza, donde adem\u00e1s se extraen otros minerales como oro, plata y zinc.<\/p>\n<p>La activista explic\u00f3 que desde hace algunos a\u00f1os, la minera inici\u00f3 \u00abun violento proceso de saqueo y de desplazamiento forzado, en total contubernio con el gobierno estatal y federal, para cambiar su proyecto extractivo subterr\u00e1neo a la modalidad de tajo a cielo abierto, en un \u00e1rea que abarca 300 hect\u00e1reas donde se excavar\u00e1 un enorme cr\u00e1ter de 40 hect\u00e1reas y 230 metros de profundidad, con la peque\u00f1a salvedad de que encima del potencial tajo se encuentra el poblado y las viviendas de Salaverna\u00bb.<\/p>\n<p>De este modo, los directivos de la empresa minera, junto con distintas autoridades gubernamentales, han realizado una serie de maniobras de desalojo forzado para que los habitantes de este poblado sean echados de sus casas y la minera pueda explotar los minerales bajo la modalidad de cielo abierto.<a href=\"https:\/\/elcronistadigital.com\/wp-content\/uploads\/2020\/04\/campe1.jpg\"><img loading=\"lazy\" decoding=\"async\" class=\"alignright size-full wp-image-52827\" alt=\"campe1\" src=\"https:\/\/elcronistadigital.com\/wp-content\/uploads\/2020\/04\/campe1.jpg\" width=\"400\" height=\"244\" srcset=\"https:\/\/elcronistadigital.com\/wp-content\/uploads\/2020\/04\/campe1.jpg 400w, https:\/\/elcronistadigital.com\/wp-content\/uploads\/2020\/04\/campe1-300x183.jpg 300w, https:\/\/elcronistadigital.com\/wp-content\/uploads\/2020\/04\/campe1-342x208.jpg 342w\" sizes=\"auto, (max-width: 400px) 100vw, 400px\" \/><\/a><\/p>\n<p>En 2016, el Gobierno de Zacatecas, a cargo del gobernador Alejandro Tello Cisterna, organiz\u00f3 una reuni\u00f3n en la capital del estado al mismo tiempo que maquinaria pesada entr\u00f3 al pueblo para destruir las casas, escuela e iglesia de Salaverna, con el objetivo de expulsar a la gente de su lugar.<\/p>\n<p>Por este motivo, los abogados de Roberto de la Rosa han solicitado a la CNDH y a la Oficina del Alto Comisionado de Naciones Unidas para los Derechos Humanos que atraigan el caso y se otorguen medidas cautelares para el campesino, mientras las autoridades judiciales resuelven el conflicto por la tenencia de la tierra.<\/p>\n<p>Esto, mientras el Gobierno federal, a trav\u00e9s de la Secretar\u00eda de Econom\u00eda, tiene pendiente publicar un estudio cient\u00edfico sobre una falla geol\u00f3gica que atraviesa los terrenos del poblado, argumento que, de acuerdo con los habitantes de Salaverna, ha sido utilizado para desalojarlos de sus casas sin que exista evidencia que sustente un supuesto riesgo para la poblaci\u00f3n.<\/p>\n","protected":false},"excerpt":{"rendered":"<p>Manuel Hern\u00e1ndez Borbolla * Integrantes del Observatorio de Conflictos Mineros en Zacatecas denunciaron un intento de acoso judicial contra el principal opositor a un proyecto minero que devast\u00f3 un pueblo para explotar su yacimiento de cobre. Organizaciones civiles denunciaron un acoso judicial contra el campesino Roberto de la Rosa, quien desde hace a\u00f1os libra una [&hellip;]<\/p>\n","protected":false},"author":1,"featured_media":52827,"comment_status":"open","ping_status":"open","sticky":false,"template":"","format":"standard","meta":{"om_disable_all_campaigns":false,"_monsterinsights_skip_tracking":false,"_monsterinsights_sitenote_active":false,"_monsterinsights_sitenote_note":"","_monsterinsights_sitenote_category":0,"footnotes":""},"categories":[3524],"tags":[],"class_list":["post-52825","post","type-post","status-publish","format-standard","has-post-thumbnail","hentry","category-noticas"],"aioseo_notices":[],"_links":{"self":[{"href":"https:\/\/elcronistadigital.com\/index.php?rest_route=\/wp\/v2\/posts\/52825","targetHints":{"allow":["GET"]}}],"collection":[{"href":"https:\/\/elcronistadigital.com\/index.php?rest_route=\/wp\/v2\/posts"}],"about":[{"href":"https:\/\/elcronistadigital.com\/index.php?rest_route=\/wp\/v2\/types\/post"}],"author":[{"embeddable":true,"href":"https:\/\/elcronistadigital.com\/index.php?rest_route=\/wp\/v2\/users\/1"}],"replies":[{"embeddable":true,"href":"https:\/\/elcronistadigital.com\/index.php?rest_route=%2Fwp%2Fv2%2Fcomments&post=52825"}],"version-history":[{"count":1,"href":"https:\/\/elcronistadigital.com\/index.php?rest_route=\/wp\/v2\/posts\/52825\/revisions"}],"predecessor-version":[{"id":52828,"href":"https:\/\/elcronistadigital.com\/index.php?rest_route=\/wp\/v2\/posts\/52825\/revisions\/52828"}],"wp:featuredmedia":[{"embeddable":true,"href":"https:\/\/elcronistadigital.com\/index.php?rest_route=\/wp\/v2\/media\/52827"}],"wp:attachment":[{"href":"https:\/\/elcronistadigital.com\/index.php?rest_route=%2Fwp%2Fv2%2Fmedia&parent=52825"}],"wp:term":[{"taxonomy":"category","embeddable":true,"href":"https:\/\/elcronistadigital.com\/index.php?rest_route=%2Fwp%2Fv2%2Fcategories&post=52825"},{"taxonomy":"post_tag","embeddable":true,"href":"https:\/\/elcronistadigital.com\/index.php?rest_route=%2Fwp%2Fv2%2Ftags&post=52825"}],"curies":[{"name":"wp","href":"https:\/\/api.w.org\/{rel}","templated":true}]}}